{"id":127210,"date":"2023-05-16T23:58:33","date_gmt":"2023-05-16T23:58:33","guid":{"rendered":"https:\/\/laregionsur.com\/?p=127210"},"modified":"2023-05-16T23:58:33","modified_gmt":"2023-05-16T23:58:33","slug":"jovenes-de-comunidades-vecinas-aplican-practica-profesional-en-southern-peru","status":"publish","type":"post","link":"https:\/\/laregionsur.com\/?p=127210","title":{"rendered":"J\u00d3VENES DE COMUNIDADES VECINAS APLICAN PR\u00c1CTICA PROFESIONAL EN SOUTHERN PER\u00da"},"content":{"rendered":"<p>J\u00d3VENES DE COMUNIDADES VECINAS APLICAN PR\u00c1CTICA PROFESIONAL EN SOUTHERN PER\u00da<\/p>\n<p>&nbsp;<\/p>\n<p>Peri\u00f3dico Digital La Regi\u00f3n Sur, 16 mayo 2023.- Treinta y seis j\u00f3venes de comunidades vecinas<\/p>\n<p>a las operaciones de Southern Peru se incorporaron a la empresa para desarrollar pr\u00e1cticas<\/p>\n<p>profesionales y fortalecer con ellas la formaci\u00f3n acad\u00e9mica recibida en universidades e institutos superiores.<\/p>\n<p>Tanto en Cuajone como en Ilo y Toquepala, los j\u00f3venes iniciaron el periodo de pr\u00e1cticas que se extender\u00e1 tres meses, tiempo durante el cual podr\u00e1n acceder a experiencias laborales en \u00e1reas operativas como tambi\u00e9n administrativas, de acuerdo a la especialidad que hayan cursado en sus respectivas instituciones.<\/p>\n<p>Se trata de j\u00f3venes, bachilleres o egresados de las carreras de Ingenier\u00eda Mec\u00e1nica El\u00e9ctrica, Ingenier\u00eda Civil, Ingenier\u00eda Ambiental, Ingenier\u00eda de Minas, Ciencias de la Comunicaci\u00f3n, Enfermer\u00eda, Ingenier\u00eda Industrial, Gesti\u00f3n y Mantenimiento de Maquinaria,<\/p>\n<p>Psicolog\u00eda, Derecho, Sistema e Inform\u00e1tica, Operaciones mineras, entre otros. Del total de practicantes 11 corresponden al distrito de Torata y la provincia Mariscal Nieto (Moquegua).<\/p>\n<p>La Pr\u00e1ctica Profesional es un componente del programa Forjando Futuro que promueve Southern Per\u00fa en las localidades vecinas a sus operaciones desde 2011 a fin de mejorar el entrenamiento empresarial de los j\u00f3venes. La pr\u00e1ctica procura facilitarles mejor desenvolvimiento y desarrollo de conocimientos y habilidades.<\/p>\n<p>A ello se suma la oportunidad de la propia compa\u00f1\u00eda de apreciar el potencial de los j\u00f3venes en su desempe\u00f1o y contribuir a que \u00e9stos se conviertan en actores sociales de promoci\u00f3n y desarrollo y participen en la transformaci\u00f3n de las empresas y el crecimiento de su competitividad.<\/p>\n<p><img loading=\"lazy\" decoding=\"async\" class=\"alignnone size-medium wp-image-127212\" src=\"https:\/\/laregionsur.com\/wp-content\/uploads\/2023\/05\/JOV-1-300x219.jpg\" alt=\"\" width=\"300\" height=\"219\" \/> <img loading=\"lazy\" decoding=\"async\" class=\"alignnone size-medium wp-image-127213\" src=\"https:\/\/laregionsur.com\/wp-content\/uploads\/2023\/05\/JOV-2-300x194.jpg\" alt=\"\" width=\"300\" height=\"194\" \/> <img loading=\"lazy\" decoding=\"async\" class=\"alignnone size-medium wp-image-127214\" src=\"https:\/\/laregionsur.com\/wp-content\/uploads\/2023\/05\/JOV-3-1-300x191.jpg\" alt=\"\" width=\"300\" height=\"191\" \/> <img loading=\"lazy\" decoding=\"async\" class=\"alignnone size-medium wp-image-127215\" src=\"https:\/\/laregionsur.com\/wp-content\/uploads\/2023\/05\/JOV-4-300x205.jpg\" alt=\"\" width=\"300\" height=\"205\" \/> <img loading=\"lazy\" decoding=\"async\" class=\"alignnone size-medium wp-image-127216\" src=\"https:\/\/laregionsur.com\/wp-content\/uploads\/2023\/05\/JOV-5-300x205.jpg\" alt=\"\" width=\"300\" height=\"205\" \/> <img loading=\"lazy\" decoding=\"async\" class=\"alignnone size-medium wp-image-127217\" src=\"https:\/\/laregionsur.com\/wp-content\/uploads\/2023\/05\/JOV-6-300x194.jpg\" alt=\"\" width=\"300\" height=\"194\" \/><\/p>\n","protected":false},"excerpt":{"rendered":"<p>J\u00d3VENES DE COMUNIDADES VECINAS APLICAN PR\u00c1CTICA PROFESIONAL EN SOUTHERN PER\u00da &nbsp; Peri\u00f3dico Digital La Regi\u00f3n Sur, 16 mayo 2023.- Treinta y seis j\u00f3venes de comunidades vecinas a las operaciones de Southern Peru se incorporaron a la empresa para desarrollar pr\u00e1cticas profesionales y fortalecer con ellas la formaci\u00f3n acad\u00e9mica recibida en universidades e institutos superiores. Tanto &hellip;<\/p>\n","protected":false},"author":1,"featured_media":127211,"comment_status":"open","ping_status":"open","sticky":false,"template":"","format":"standard","meta":{"footnotes":""},"categories":[56,39],"tags":[],"class_list":["post-127210","post","type-post","status-publish","format-standard","has-post-thumbnail","","category-finance","category-stock-market"],"_links":{"self":[{"href":"https:\/\/laregionsur.com\/index.php?rest_route=\/wp\/v2\/posts\/127210","targetHints":{"allow":["GET"]}}],"collection":[{"href":"https:\/\/laregionsur.com\/index.php?rest_route=\/wp\/v2\/posts"}],"about":[{"href":"https:\/\/laregionsur.com\/index.php?rest_route=\/wp\/v2\/types\/post"}],"author":[{"embeddable":true,"href":"https:\/\/laregionsur.com\/index.php?rest_route=\/wp\/v2\/users\/1"}],"replies":[{"embeddable":true,"href":"https:\/\/laregionsur.com\/index.php?rest_route=%2Fwp%2Fv2%2Fcomments&post=127210"}],"version-history":[{"count":0,"href":"https:\/\/laregionsur.com\/index.php?rest_route=\/wp\/v2\/posts\/127210\/revisions"}],"wp:featuredmedia":[{"embeddable":true,"href":"https:\/\/laregionsur.com\/index.php?rest_route=\/"}],"wp:attachment":[{"href":"https:\/\/laregionsur.com\/index.php?rest_route=%2Fwp%2Fv2%2Fmedia&parent=127210"}],"wp:term":[{"taxonomy":"category","embeddable":true,"href":"https:\/\/laregionsur.com\/index.php?rest_route=%2Fwp%2Fv2%2Fcategories&post=127210"},{"taxonomy":"post_tag","embeddable":true,"href":"https:\/\/laregionsur.com\/index.php?rest_route=%2Fwp%2Fv2%2Ftags&post=127210"}],"curies":[{"name":"wp","href":"https:\/\/api.w.org\/{rel}","templated":true}]}}