{"id":127202,"date":"2023-05-16T00:35:29","date_gmt":"2023-05-16T00:35:29","guid":{"rendered":"https:\/\/laregionsur.com\/?p=127202"},"modified":"2023-05-16T00:35:29","modified_gmt":"2023-05-16T00:35:29","slug":"elaboran-diagnostico-situacional-sobre-la-vicuna-en-comunidad-de-asana","status":"publish","type":"post","link":"https:\/\/laregionsur.com\/?p=127202","title":{"rendered":"ELABORAN DIAGN\u00d3STICO SITUACIONAL SOBRE LA VICU\u00d1A EN COMUNIDAD DE ASANA"},"content":{"rendered":"<p>ELABORAN DIAGN\u00d3STICO SITUACIONAL SOBRE LA VICU\u00d1A EN COMUNIDAD DE ASANA<\/p>\n<p>Peri\u00f3dico Digital La Regi\u00f3n Sur, mayo 2023.- A fin de promover su conservaci\u00f3n, as\u00ed como el aprovechamiento comunal sostenible, Southern Per\u00fa promovi\u00f3 la elaboraci\u00f3n de un diagn\u00f3stico situacional de la poblaci\u00f3n de vicu\u00f1a en la comunidad campesina de Asana, ubicada a m\u00e1s de 3,500 metros de altura en el distrito de Torata, provincia Mariscal Nieto, Moquegua.<\/p>\n<p>El estudio efectuado en estrecha coordinaci\u00f3n con pobladores de dicha zona, naci\u00f3 de la idea de promover el manejo comunal de dicha especie como una alternativa para generar ingresos econ\u00f3micos en la poblaci\u00f3n. Su ejecuci\u00f3n demand\u00f3 tres meses de trabajo y permiti\u00f3 identificar fortalezas y limitaciones para implementar dicha propuesta.<\/p>\n<p>As\u00ed mismo, contribuy\u00f3 a establecer las principales caracter\u00edsticas del h\u00e1bitat de la vicu\u00f1a en dicha comunidad, zonas de presencia de especies, disponibilidad de pastizales, fuentes, de agua, presencia de animales dom\u00e9sticos, silvestres; as\u00ed como las caracter\u00edsticas poblacionales de dicha especie en Asana, a trav\u00e9s de un censo.<\/p>\n<p>Los resultados del diagn\u00f3stico fueron presentados a los miembros de la comunidad en una actividad p\u00fablica en la que adem\u00e1s se expuso un plan que contempla: Plan de manejo, un plan de conservaci\u00f3n y un plan de repoblamiento. Ejecutarlo generar\u00eda impactos positivos desde el punto de vista ambiental, econ\u00f3mico y social. No obstante, hay varios retos que deben trabajarse como la alta poblaci\u00f3n de cam\u00e9lidos y la insuficiente disponibilidad de pasturas en la comunidad.<\/p>\n<p>El diagn\u00f3stico permiti\u00f3 evidenciar que la poblaci\u00f3n de vicu\u00f1as en la zona es baja. No obstante, hay que destacar que a prop\u00f3sito del estudio el Servicio Nacional Forestal y de Fauna Silvestre (SERFOR) aprob\u00f3 la Declaraci\u00f3n de manejo para el aprovechamiento sostenible de cam\u00e9lidos sudamericanos silvestres, en favor de la comunidad, lo que la faculta para realizar el Chaccu, t\u00e9cnica ancestral para la esquila del animal y venta de la fibra.<\/p>\n<p><img loading=\"lazy\" decoding=\"async\" class=\"alignnone size-medium wp-image-127204\" src=\"https:\/\/laregionsur.com\/wp-content\/uploads\/2023\/05\/VIC-1-300x219.jpg\" alt=\"\" width=\"300\" height=\"219\" \/> <img loading=\"lazy\" decoding=\"async\" class=\"alignnone size-medium wp-image-127205\" src=\"https:\/\/laregionsur.com\/wp-content\/uploads\/2023\/05\/VIC-2-300x183.jpg\" alt=\"\" width=\"300\" height=\"183\" \/> <img loading=\"lazy\" decoding=\"async\" class=\"alignnone size-medium wp-image-127206\" src=\"https:\/\/laregionsur.com\/wp-content\/uploads\/2023\/05\/VIC-3-1-300x166.jpg\" alt=\"\" width=\"300\" height=\"166\" \/> <img loading=\"lazy\" decoding=\"async\" class=\"alignnone size-medium wp-image-127207\" src=\"https:\/\/laregionsur.com\/wp-content\/uploads\/2023\/05\/VIC-4-300x237.jpg\" alt=\"\" width=\"300\" height=\"237\" \/> <img loading=\"lazy\" decoding=\"async\" class=\"alignnone size-medium wp-image-127208\" src=\"https:\/\/laregionsur.com\/wp-content\/uploads\/2023\/05\/VIC-6-300x223.jpg\" alt=\"\" width=\"300\" height=\"223\" \/><\/p>\n","protected":false},"excerpt":{"rendered":"<p>ELABORAN DIAGN\u00d3STICO SITUACIONAL SOBRE LA VICU\u00d1A EN COMUNIDAD DE ASANA Peri\u00f3dico Digital La Regi\u00f3n Sur, mayo 2023.- A fin de promover su conservaci\u00f3n, as\u00ed como el aprovechamiento comunal sostenible, Southern Per\u00fa promovi\u00f3 la elaboraci\u00f3n de un diagn\u00f3stico situacional de la poblaci\u00f3n de vicu\u00f1a en la comunidad campesina de Asana, ubicada a m\u00e1s de 3,500 metros &hellip;<\/p>\n","protected":false},"author":1,"featured_media":127203,"comment_status":"open","ping_status":"open","sticky":false,"template":"","format":"standard","meta":{"footnotes":""},"categories":[56,39],"tags":[],"class_list":["post-127202","post","type-post","status-publish","format-standard","has-post-thumbnail","","category-finance","category-stock-market"],"_links":{"self":[{"href":"https:\/\/laregionsur.com\/index.php?rest_route=\/wp\/v2\/posts\/127202","targetHints":{"allow":["GET"]}}],"collection":[{"href":"https:\/\/laregionsur.com\/index.php?rest_route=\/wp\/v2\/posts"}],"about":[{"href":"https:\/\/laregionsur.com\/index.php?rest_route=\/wp\/v2\/types\/post"}],"author":[{"embeddable":true,"href":"https:\/\/laregionsur.com\/index.php?rest_route=\/wp\/v2\/users\/1"}],"replies":[{"embeddable":true,"href":"https:\/\/laregionsur.com\/index.php?rest_route=%2Fwp%2Fv2%2Fcomments&post=127202"}],"version-history":[{"count":0,"href":"https:\/\/laregionsur.com\/index.php?rest_route=\/wp\/v2\/posts\/127202\/revisions"}],"wp:featuredmedia":[{"embeddable":true,"href":"https:\/\/laregionsur.com\/index.php?rest_route=\/"}],"wp:attachment":[{"href":"https:\/\/laregionsur.com\/index.php?rest_route=%2Fwp%2Fv2%2Fmedia&parent=127202"}],"wp:term":[{"taxonomy":"category","embeddable":true,"href":"https:\/\/laregionsur.com\/index.php?rest_route=%2Fwp%2Fv2%2Fcategories&post=127202"},{"taxonomy":"post_tag","embeddable":true,"href":"https:\/\/laregionsur.com\/index.php?rest_route=%2Fwp%2Fv2%2Ftags&post=127202"}],"curies":[{"name":"wp","href":"https:\/\/api.w.org\/{rel}","templated":true}]}}