{"id":127174,"date":"2023-05-10T21:22:36","date_gmt":"2023-05-10T21:22:36","guid":{"rendered":"https:\/\/laregionsur.com\/?p=127174"},"modified":"2023-05-10T21:22:36","modified_gmt":"2023-05-10T21:22:36","slug":"festejemos-juntos-el-53-aniversario-de-creacion-politica-de-la-provincia-de-ilo-en-el-festival-aamar-ilo","status":"publish","type":"post","link":"https:\/\/laregionsur.com\/?p=127174","title":{"rendered":"Festejemos juntos el 53\u00b0 Aniversario de creaci\u00f3n pol\u00edtica de la Provincia de Ilo en el \u201cFestival Aamar Ilo\u201d"},"content":{"rendered":"<p>Festejemos juntos el 53\u00b0 Aniversario de creaci\u00f3n pol\u00edtica de la Provincia de Ilo en el \u201cFestival Aamar Ilo\u201d<\/p>\n<p>Este s\u00e1bado 13 de mayo desde las 9:00 de la ma\u00f1ana en la Plaza Bolognesi.<\/p>\n<p>Podremos disfrutar de la gastronom\u00eda, artesan\u00eda y agroindustria ile\u00f1a y regional, adem\u00e1s show infantil y concurso de mascotas.<\/p>\n<p>M\u00fasica en vivo y en el gran estelar Dibert Aguilar y su Orquesta la Tribu, gracias a la Municipalidad Provincial de Ilo y Anglo American Quellaveco.<\/p>\n<p>\u00a1Los esperamos con toda\u00a0la\u00a0familia!<\/p>\n","protected":false},"excerpt":{"rendered":"<p>Festejemos juntos el 53\u00b0 Aniversario de creaci\u00f3n pol\u00edtica de la Provincia de Ilo en el \u201cFestival Aamar Ilo\u201d Este s\u00e1bado 13 de mayo desde las 9:00 de la ma\u00f1ana en la Plaza Bolognesi. Podremos disfrutar de la gastronom\u00eda, artesan\u00eda y agroindustria ile\u00f1a y regional, adem\u00e1s show infantil y concurso de mascotas. M\u00fasica en vivo y &hellip;<\/p>\n","protected":false},"author":1,"featured_media":127175,"comment_status":"open","ping_status":"open","sticky":false,"template":"","format":"standard","meta":{"footnotes":""},"categories":[56,39],"tags":[],"class_list":["post-127174","post","type-post","status-publish","format-standard","has-post-thumbnail","","category-finance","category-stock-market"],"_links":{"self":[{"href":"https:\/\/laregionsur.com\/index.php?rest_route=\/wp\/v2\/posts\/127174","targetHints":{"allow":["GET"]}}],"collection":[{"href":"https:\/\/laregionsur.com\/index.php?rest_route=\/wp\/v2\/posts"}],"about":[{"href":"https:\/\/laregionsur.com\/index.php?rest_route=\/wp\/v2\/types\/post"}],"author":[{"embeddable":true,"href":"https:\/\/laregionsur.com\/index.php?rest_route=\/wp\/v2\/users\/1"}],"replies":[{"embeddable":true,"href":"https:\/\/laregionsur.com\/index.php?rest_route=%2Fwp%2Fv2%2Fcomments&post=127174"}],"version-history":[{"count":0,"href":"https:\/\/laregionsur.com\/index.php?rest_route=\/wp\/v2\/posts\/127174\/revisions"}],"wp:featuredmedia":[{"embeddable":true,"href":"https:\/\/laregionsur.com\/index.php?rest_route=\/"}],"wp:attachment":[{"href":"https:\/\/laregionsur.com\/index.php?rest_route=%2Fwp%2Fv2%2Fmedia&parent=127174"}],"wp:term":[{"taxonomy":"category","embeddable":true,"href":"https:\/\/laregionsur.com\/index.php?rest_route=%2Fwp%2Fv2%2Fcategories&post=127174"},{"taxonomy":"post_tag","embeddable":true,"href":"https:\/\/laregionsur.com\/index.php?rest_route=%2Fwp%2Fv2%2Ftags&post=127174"}],"curies":[{"name":"wp","href":"https:\/\/api.w.org\/{rel}","templated":true}]}}