{"id":127112,"date":"2023-05-02T23:21:58","date_gmt":"2023-05-02T23:21:58","guid":{"rendered":"https:\/\/laregionsur.com\/?p=127112"},"modified":"2023-05-02T23:21:58","modified_gmt":"2023-05-02T23:21:58","slug":"una-verguenza-congresistas-elegidos-en-nombre-de-los-trabajadores-le-dan-ahora-la-espalda-al-pueblo-como-isabel-cortez","status":"publish","type":"post","link":"https:\/\/laregionsur.com\/?p=127112","title":{"rendered":"UNA VERG\u00dcENZA \u00abCONGRESISTAS ELEGIDOS EN NOMBRE DE LOS TRABAJADORES&#8217; LE DAN AHORA LA ESPALDA AL PUEBLO COMO ISABEL CORTEZ"},"content":{"rendered":"<p>UNA VERG\u00dcENZA \u00abCONGRESISTAS ELEGIDOS EN NOMBRE DE LOS TRABAJADORES&#8217; LE DAN AHORA LA ESPALDA AL PUEBLO COMO ISABEL CORTEZ<\/p>\n<p>&nbsp;<\/p>\n<ul>\n<li>La agrupaci\u00f3n Nuevo Per\u00fa rechaz\u00f3 que la parlamentaria Isabel Cortez votara en abstenci\u00f3n en la moci\u00f3n de vacancia contra la presidenta Dina Boluarte.<\/li>\n<\/ul>\n<p>&nbsp;<\/p>\n<p>Peri\u00f3dico Digital La Regi\u00f3n Sur, 02 abril 2023.- \u00a0De una actitud que da verg\u00fcenza ha sido calificado en el congreso por la decisi\u00f3n de la congresistas Isabel Cortez congresista de Cambio Democr\u00e1tico &#8211; Juntos por el Per\u00fa (JPP), luego de haber sido condecorada en Palacio de Gobierno con la medalla de la Orden del Trabajo, en grado de \u00abOficial\u00bb, por la presidenta Dina Boluarte. Su enemiga pol\u00edtica porque ella vot\u00f3 contra la vacancia,<\/p>\n<p>La agrupaci\u00f3n pol\u00edtica Nuevo Peru, sac\u00f3 un comunicado y se\u00f1ala \u00abRepudiamos que congresistas que fueron elegidos &#8216;en nombre de los trabajadores&#8217; y bajo un programa de cambio, le den ahora la espalda al pueblo que confi\u00f3 en ellos, avalando al r\u00e9gimen asesino y entreguista de Dina Boluarte\u00bb, indica en un comunicado compartido en Twitter.<\/p>\n<p>Adem\u00e1s la agrupaci\u00f3n pol\u00edtica precis\u00f3 que Cortez no es militante de Nuevo Per\u00fa y rechaz\u00f3 su voto en abstenci\u00f3n en la moci\u00f3n de vacancia contra Dina Boluarte.<\/p>\n<p>Por otro lado, en el D\u00eda Internacional del Trabajador y Trabajadora, Nuevo Per\u00fa indic\u00f3 que se suman a las movilizaciones \u00abcontra los despidos arbitrarios, la precariedad y la explotaci\u00f3n laboral, por el reconocimiento del trabajo dom\u00e9stico y de cuidado, por seguridad social y pensiones dignas\u00bb.<\/p>\n<p>QUE DICE CORTEZ<\/p>\n<p>La congresista Isabel Cortez dijo a RPP que para recibir el reconocimiento tuvo el aval de sus \u00abbases sindicales\u00bb y que lo recibi\u00f3 \u00aba nombre de ellos y por ellos\u00bb.<\/p>\n<p>\u00abYo para aceptar esta condecoraci\u00f3n, primero, he comunicado a mis bases porque es a ellos a quienes les debo una explicaci\u00f3n. Ellos me han dado esa libertad, ese permiso\u00bb, sostuvo.<\/p>\n<p>\u00abAqu\u00ed en Lima hay 43 distritos y en cada distrito, tengo una base de sindicatos. Son ellos quienes me respaldan y, por lo tanto, es que yo acepto recibir esta condecoraci\u00f3n\u00bb, a\u00f1adi\u00f3.<\/p>\n<p>Respecto a si tambi\u00e9n consult\u00f3 recibir el galard\u00f3n con su bancada parlamentaria, Cortez Aguirre indic\u00f3 que le dieron \u00ablibertad\u00bb para aceptar. \u00abLes he comunicado, s\u00ed. Me dijeron que depend\u00eda de m\u00ed, de mis bases. Me dieron esa libertad\u00bb, se\u00f1al\u00f3.<\/p>\n<p>&nbsp;<\/p>\n","protected":false},"excerpt":{"rendered":"<p>UNA VERG\u00dcENZA \u00abCONGRESISTAS ELEGIDOS EN NOMBRE DE LOS TRABAJADORES&#8217; LE DAN AHORA LA ESPALDA AL PUEBLO COMO ISABEL CORTEZ &nbsp; La agrupaci\u00f3n Nuevo Per\u00fa rechaz\u00f3 que la parlamentaria Isabel Cortez votara en abstenci\u00f3n en la moci\u00f3n de vacancia contra la presidenta Dina Boluarte. &nbsp; Peri\u00f3dico Digital La Regi\u00f3n Sur, 02 abril 2023.- \u00a0De una actitud &hellip;<\/p>\n","protected":false},"author":1,"featured_media":127113,"comment_status":"open","ping_status":"open","sticky":false,"template":"","format":"standard","meta":{"footnotes":""},"categories":[56,39,40],"tags":[],"class_list":["post-127112","post","type-post","status-publish","format-standard","has-post-thumbnail","","category-finance","category-stock-market","category-nacionales"],"_links":{"self":[{"href":"https:\/\/laregionsur.com\/index.php?rest_route=\/wp\/v2\/posts\/127112","targetHints":{"allow":["GET"]}}],"collection":[{"href":"https:\/\/laregionsur.com\/index.php?rest_route=\/wp\/v2\/posts"}],"about":[{"href":"https:\/\/laregionsur.com\/index.php?rest_route=\/wp\/v2\/types\/post"}],"author":[{"embeddable":true,"href":"https:\/\/laregionsur.com\/index.php?rest_route=\/wp\/v2\/users\/1"}],"replies":[{"embeddable":true,"href":"https:\/\/laregionsur.com\/index.php?rest_route=%2Fwp%2Fv2%2Fcomments&post=127112"}],"version-history":[{"count":0,"href":"https:\/\/laregionsur.com\/index.php?rest_route=\/wp\/v2\/posts\/127112\/revisions"}],"wp:featuredmedia":[{"embeddable":true,"href":"https:\/\/laregionsur.com\/index.php?rest_route=\/"}],"wp:attachment":[{"href":"https:\/\/laregionsur.com\/index.php?rest_route=%2Fwp%2Fv2%2Fmedia&parent=127112"}],"wp:term":[{"taxonomy":"category","embeddable":true,"href":"https:\/\/laregionsur.com\/index.php?rest_route=%2Fwp%2Fv2%2Fcategories&post=127112"},{"taxonomy":"post_tag","embeddable":true,"href":"https:\/\/laregionsur.com\/index.php?rest_route=%2Fwp%2Fv2%2Ftags&post=127112"}],"curies":[{"name":"wp","href":"https:\/\/api.w.org\/{rel}","templated":true}]}}