{"id":127090,"date":"2023-04-27T21:56:41","date_gmt":"2023-04-27T21:56:41","guid":{"rendered":"https:\/\/laregionsur.com\/?p=127090"},"modified":"2023-04-27T21:56:41","modified_gmt":"2023-04-27T21:56:41","slug":"designan-a-javier-romero-luna-como-nuevo-gerente-del-proyecto-especial-regional-pasto-grande","status":"publish","type":"post","link":"https:\/\/laregionsur.com\/?p=127090","title":{"rendered":"Designan a Javier Romero Luna como nuevo gerente del Proyecto Especial Regional Pasto Grande."},"content":{"rendered":"<p><strong>Designan a Javier Romero Luna como nuevo gerente del Proyecto Especial Regional Pasto Grande.<\/strong><\/p>\n<p>&nbsp;<\/p>\n<p>Peri\u00f3dico Digital La Regi\u00f3n Sur, 27 abril 2023.- Mediante Resoluci\u00f3n Ejecutiva Regional, N\u00b0 247-2023-GR\/MOQ de fecha 27 de abril, la gobernadora regional de Moquegua, Gilia Guti\u00e9rrez Ayala, design\u00f3 al Ing. Javier Romero Luna, como nuevo gerente general del Proyecto Especial Regional Pasto Grande (PERPG) del Gobierno Regional Moquegua.<\/p>\n<p>El acto, se cumpli\u00f3 esta ma\u00f1ana a trav\u00e9s de una significativa ceremonia donde la autoridad regional, sostuvo que a trav\u00e9s del nuevo gerente de Pasto Grande, encaminar\u00e1 la reorganizaci\u00f3n del proyecto que permita el logro de los objetivos y la culminaci\u00f3n de importantes proyectos como Lomas de Ilo y la obra de Separaci\u00f3n de Aguas de Coalaque, entre otras inversiones que apunte al desarrollo agr\u00edcola y el bienestar de la regi\u00f3n Moquegua.<\/p>\n<p>\u201cNecesitamos estar m\u00e1s fortalecidos y todos ustedes asumamos ese compromiso con el Proyecto Especial Pasto Grande y Moquegua\u201d, enfatiz\u00f3 la gobernadora, al tiempo de felicitar al Ing. Romero Luna por la asunci\u00f3n al cargo y los objetivos asumidos.<\/p>\n<p>En tanto, el flamante Gerente del PERPG, Ing. Javier Romero Luna, agradeci\u00f3 la oportunidad y mantuvo su compromiso de impulsar las acciones encaminadas y los objetivos trazados de gesti\u00f3n en favor del desarrollo del proyecto y de la regi\u00f3n Moquegua.<\/p>\n<p>Javier Romero Luna, es ingeniero de profesi\u00f3n con Maestr\u00eda en Administraci\u00f3n y Direcci\u00f3n de Empresas y especialidad en recursos H\u00eddricos y Subterr\u00e1neos y Energ\u00eda Hidr\u00e1ulica. Entre sus cargos fue, Director Regional de Transportes de Moquegua, Gerente de Operaci\u00f3n de la EPS Moquegua, docente universitario, Decano del Colegio de Ingenieros en Moquegua, entre otras experiencias laborales.<\/p>\n<p>El acto cont\u00f3, adem\u00e1s, con la presencia del vicegobernador Luis Trigoso Palao, el gerente general del Gore Moquegua, Econ. Hugo Espinoza Palza, representantes del Directorio y trabajadores del Proyecto Especial Regional Pasto Grande.<\/p>\n<p><img loading=\"lazy\" decoding=\"async\" class=\"alignnone size-medium wp-image-127092\" src=\"https:\/\/laregionsur.com\/wp-content\/uploads\/2023\/04\/NUEVO-PASTO-1-300x169.jpg\" alt=\"\" width=\"300\" height=\"169\" \/> <img loading=\"lazy\" decoding=\"async\" class=\"alignnone size-medium wp-image-127093\" src=\"https:\/\/laregionsur.com\/wp-content\/uploads\/2023\/04\/NUEVO-300x204.jpg\" alt=\"\" width=\"300\" height=\"204\" \/><\/p>\n","protected":false},"excerpt":{"rendered":"<p>Designan a Javier Romero Luna como nuevo gerente del Proyecto Especial Regional Pasto Grande. &nbsp; Peri\u00f3dico Digital La Regi\u00f3n Sur, 27 abril 2023.- Mediante Resoluci\u00f3n Ejecutiva Regional, N\u00b0 247-2023-GR\/MOQ de fecha 27 de abril, la gobernadora regional de Moquegua, Gilia Guti\u00e9rrez Ayala, design\u00f3 al Ing. Javier Romero Luna, como nuevo gerente general del Proyecto Especial &hellip;<\/p>\n","protected":false},"author":1,"featured_media":127091,"comment_status":"open","ping_status":"open","sticky":false,"template":"","format":"standard","meta":{"footnotes":""},"categories":[56,39],"tags":[],"class_list":["post-127090","post","type-post","status-publish","format-standard","has-post-thumbnail","","category-finance","category-stock-market"],"_links":{"self":[{"href":"https:\/\/laregionsur.com\/index.php?rest_route=\/wp\/v2\/posts\/127090","targetHints":{"allow":["GET"]}}],"collection":[{"href":"https:\/\/laregionsur.com\/index.php?rest_route=\/wp\/v2\/posts"}],"about":[{"href":"https:\/\/laregionsur.com\/index.php?rest_route=\/wp\/v2\/types\/post"}],"author":[{"embeddable":true,"href":"https:\/\/laregionsur.com\/index.php?rest_route=\/wp\/v2\/users\/1"}],"replies":[{"embeddable":true,"href":"https:\/\/laregionsur.com\/index.php?rest_route=%2Fwp%2Fv2%2Fcomments&post=127090"}],"version-history":[{"count":0,"href":"https:\/\/laregionsur.com\/index.php?rest_route=\/wp\/v2\/posts\/127090\/revisions"}],"wp:featuredmedia":[{"embeddable":true,"href":"https:\/\/laregionsur.com\/index.php?rest_route=\/"}],"wp:attachment":[{"href":"https:\/\/laregionsur.com\/index.php?rest_route=%2Fwp%2Fv2%2Fmedia&parent=127090"}],"wp:term":[{"taxonomy":"category","embeddable":true,"href":"https:\/\/laregionsur.com\/index.php?rest_route=%2Fwp%2Fv2%2Fcategories&post=127090"},{"taxonomy":"post_tag","embeddable":true,"href":"https:\/\/laregionsur.com\/index.php?rest_route=%2Fwp%2Fv2%2Ftags&post=127090"}],"curies":[{"name":"wp","href":"https:\/\/api.w.org\/{rel}","templated":true}]}}