{"id":127049,"date":"2023-04-24T20:35:44","date_gmt":"2023-04-24T20:35:44","guid":{"rendered":"https:\/\/laregionsur.com\/?p=127049"},"modified":"2023-04-24T20:35:44","modified_gmt":"2023-04-24T20:35:44","slug":"cuajone-no-volver-al-pasado","status":"publish","type":"post","link":"https:\/\/laregionsur.com\/?p=127049","title":{"rendered":"CUAJONE: NO VOLVER AL PASADO"},"content":{"rendered":"<p>CUAJONE: NO VOLVER AL PASADO<\/p>\n<p>&nbsp;<\/p>\n<p>Escribe: Enrique Lazo Flores.<\/p>\n<p><strong><em>\u201cAplicaremos la Justicia Comunal\u201d, es una de las frases que soltaron los dirigentes el d\u00eda que patearon el tablero del di\u00e1logo y eso es una clara amenaza que utilizar\u00e1n como argumento para incendiar la pradera\u201d.<\/em><\/strong><\/p>\n<p><strong><em>\u00a0<\/em><\/strong><\/p>\n<p>Peri\u00f3dico Digital La Regi\u00f3n Sur, abril 23.- Recientemente la mesa de di\u00e1logo instalada el a\u00f1o pasado entre la empresa Spcc y los comuneros de Tumilaca, Pocoata, Coscore y Tala fue pr\u00e1cticamente desactivada por los dirigentes de estas comunidades, como una muestra de no estar de acuerdo con la propuestas de la empresa, quienes ofrecieron 108 millones de soles, para atender las necesidades urgentes de las comunidades reclamantes, pese a no estar en la obligaci\u00f3n de hacerlo, ya que los dirigentes no tienen ning\u00fan argumento comprobado que los reclamos que hacen tengan sustento legal.<\/p>\n<p>Sin embargo, la empresa mostrando un \u00e1nimo de concertar con los dirigentes, se sentaron en una mesa de di\u00e1logo, donde se presum\u00eda se hallar\u00eda la soluci\u00f3n a los reclamos de los comuneros, que en el plano real no son todos los comuneros, porque sucede que tras largos meses de di\u00e1logo, aparecieron los verdaderos propietarios de los terrenos, como la comunera Esther Landa, quien ha se\u00f1alado que Iv\u00e1n Mendoza, dirigente que se arroga el derecho de representar a todas estas comunidades, est\u00e1 lotizando terrenos que no son de la propiedad de las comunidades al que supuestamente representa.<\/p>\n<p>En este momento la misma representatividad en el cargo de dirigente de Ivan Mendoza no contar\u00eda con la legalidad ya que no ha sido inscrito en los registros p\u00fablicos, requisito legal para poder tener la representaci\u00f3n de las comunidades a las que dice representar, pero la denuncia de la comunera Esther Landa trae abajo sus pretensiones, como que tambi\u00e9n habr\u00eda otras comuneras que estar\u00edan preparando m\u00e1s denuncias en su contra, debido a que, seg\u00fan la denuncia ha \u00a0colocado mallas en terrenos que no les corresponde.<\/p>\n<p>Al respecto la comunera Landa ha se\u00f1alado lo siguiente, \u201cIv\u00e1n Mendoza y su grupo nos han desalojado de manera violenta, ellos no son los due\u00f1os, por lo que no pueden vender mis tierras, yo tengo la sucesi\u00f3n intestada, que ellos pretenden desconocer aplicando la violencia, inclusive agrediendo f\u00edsicamente a los miembros de la comunidad, eso no lo vamos a permitir, por m\u00e1s que sean unos criminales\u201d, se\u00f1al\u00f3 Esther Landa.<\/p>\n<p>Esta denuncia hecha por los pobladores de la Comunidad Campesina de Tumilaca, Pocata, Coscore y Tala en la Comisar\u00eda de Moquegua, da pie a que muchos comuneros que est\u00e1n siendo afectados por Ivan Mendoza, este dirigente sea se\u00f1alado como un l\u00edder de una presunta organizaci\u00f3n criminal dedicado a traficar con terrenos que no cuentan con documentos que acrediten la propiedad de la comunidad, menos de propiedad de Ivan Mendoza, quien estar\u00eda usurpando terrenos ubicados en el sector de Cruz Pata, en el distrito de Torata &#8211; Moquegua.<\/p>\n<p>Los propietarios que denunciaron a Ivan Mendoza, seg\u00fan consta en el acta de intervenci\u00f3n policial, son Mar\u00eda Landa, Roxana Landa, Rolando Cornejo y Mart\u00edn Cabana, propietarios de terrenos que abarcan alrededor de 6 hect\u00e1reas de extensi\u00f3n, adem\u00e1s de haberse constado que en cuyas inmediaciones, se han levantado 10 construcciones r\u00fasticas, como la presencia de un grupo de invasores que est\u00e1n realizando la delimitaci\u00f3n de los terrenos.<\/p>\n<p>Con la constataci\u00f3n de estos hechos, los denunciantes exigen a las autoridades actuar de inmediato, porque no es la primera vez que algunos invasores han pretendido apropiarse de esos terrenos que cuentan con documentos, como lo sucedido en el a\u00f1o 2015, donde tambi\u00e9n pretendieron quedarse con sus tierras pero lograron desalojarlos, \u201cesta vez vamos a continuar con la denuncia hasta recuperar nuestras tierras\u201d se\u00f1alaron.<\/p>\n<p>Cabe se\u00f1alar que la comunera Esther Landa que ha presentado la denuncia respectiva en contra de Iv\u00e1n Mendoza y sus invasores, se\u00f1alando que han colocado bloques de concreto, palos, esteras, adem\u00e1s de un p\u00f3rtico que delimita el terreno e impide el ingreso a su propiedad, y esa es una clara muestra de querer despojarnos de nuestras tierras, lo que novamos a permitir\u201d, se\u00f1alaron.<\/p>\n<p>NO VOLVER AL PASADO<\/p>\n<p>\u201cAplicaremos la Justicia Comunal\u201d, es una de las frases que soltaron los dirigentes el d\u00eda que patearon el tablero del di\u00e1logo y eso es una clara amenaza que utilizar\u00e1n como argumento para \u201cincendiar la pradera\u201d, donde Ivan Mendoza, no tiene nada que perder sino, m\u00e1s bien mucho que ganar, (5 mil millones no es poca cosa),\u00a0 ya que\u00a0 est\u00e1 mostrando las intenciones de generar nuevamente conflictos como el a\u00f1o pasado, donde incendiaron campamentos, bases de vigilancia, bloquearon v\u00edas de comunicaci\u00f3n, afectaron la l\u00ednea f\u00e9rrea quemando varios tramos, bloqueando el abastecimiento de agua de consumo humano dejando sin l\u00edquido elemento al campamento de Cuajone, donde moran m\u00e1s de 5 mil personas, adem\u00e1s de atentar contra el hospital donde hab\u00edan pacientes en estado de gravedad y dejando que los alumnos asistan al colegio.<\/p>\n<p>Haber roto el di\u00e1logo con la empresa y dejar sin efecto los acuerdos a los que ya se hab\u00eda arribado en el mesa de di\u00e1logo es recordar lo que se vivi\u00f3 en Cuajone el a\u00f1o pasado, en los casi 60 d\u00edas de paralizaci\u00f3n, donde se ha demostrado que para los dirigentes de estas comunidades, no les interesa el esfuerzo de otras personas que trabajan para generar recursos que sirvan para cerrar brechas, sino, solo piensan en sus intereses personales,\u00a0 como lo demuestran al pedir 5 mil millones de d\u00f3lares para levantar sus medidas de fuerza destruyendo a su paso lo que con esfuerzo construye los trabajadores de esta empresa.<\/p>\n<p>PARA TENER EN CUENTA<\/p>\n<p>Este proyecto de crecimiento, tiene una estimaci\u00f3n actual de recursos minerales de cobre de 98 millones de toneladas de \u00f3xidos con un contenido de cobre de 0.45% y 52 millones de toneladas de sulfuros con un contenido de cobre de 0.59%. lo que prev\u00e9 una mina a tajo abierto con una operaci\u00f3n combinada de procesos de concentraci\u00f3n y lixiviaci\u00f3n para producir 130,000 toneladas de cobre y 7,500 toneladas de molibdeno al a\u00f1o con una inversi\u00f3n de capital estimada de US$2,600 millones.<\/p>\n<p>Empero, es menester que el esfuerzo para dejar de lado estos conflictos no solo pasen por la decisiones a las que se arriben en la mesa de di\u00e1logo, siempre que se retomen, sino, de las estrategias que se tomen desde la \u00a0Direcci\u00f3n de Recursos Humanos, funcionarios que conforman el \u00e1rea de\u00a0 Asuntos Laborales, y los propios trabajadores que ya demostraron su disposici\u00f3n de defender sus puestos de trabajo sumado a la poblaci\u00f3n que tambi\u00e9n ha demostrado salir a defender las recursos naturales que generan la econom\u00eda\u00a0 permitiendo cerrar brechas a trav\u00e9s del canon minero. En este caso, estar alertas ante una posible amenaza de la \u201cjusticia comunal\u201d.<\/p>\n<p>&nbsp;<\/p>\n","protected":false},"excerpt":{"rendered":"<p>CUAJONE: NO VOLVER AL PASADO &nbsp; Escribe: Enrique Lazo Flores. \u201cAplicaremos la Justicia Comunal\u201d, es una de las frases que soltaron los dirigentes el d\u00eda que patearon el tablero del di\u00e1logo y eso es una clara amenaza que utilizar\u00e1n como argumento para incendiar la pradera\u201d. \u00a0 Peri\u00f3dico Digital La Regi\u00f3n Sur, abril 23.- Recientemente la &hellip;<\/p>\n","protected":false},"author":1,"featured_media":127050,"comment_status":"open","ping_status":"open","sticky":false,"template":"","format":"standard","meta":{"footnotes":""},"categories":[38,56,39,40],"tags":[],"class_list":["post-127049","post","type-post","status-publish","format-standard","has-post-thumbnail","","category-editorial","category-finance","category-stock-market","category-nacionales"],"_links":{"self":[{"href":"https:\/\/laregionsur.com\/index.php?rest_route=\/wp\/v2\/posts\/127049","targetHints":{"allow":["GET"]}}],"collection":[{"href":"https:\/\/laregionsur.com\/index.php?rest_route=\/wp\/v2\/posts"}],"about":[{"href":"https:\/\/laregionsur.com\/index.php?rest_route=\/wp\/v2\/types\/post"}],"author":[{"embeddable":true,"href":"https:\/\/laregionsur.com\/index.php?rest_route=\/wp\/v2\/users\/1"}],"replies":[{"embeddable":true,"href":"https:\/\/laregionsur.com\/index.php?rest_route=%2Fwp%2Fv2%2Fcomments&post=127049"}],"version-history":[{"count":0,"href":"https:\/\/laregionsur.com\/index.php?rest_route=\/wp\/v2\/posts\/127049\/revisions"}],"wp:featuredmedia":[{"embeddable":true,"href":"https:\/\/laregionsur.com\/index.php?rest_route=\/"}],"wp:attachment":[{"href":"https:\/\/laregionsur.com\/index.php?rest_route=%2Fwp%2Fv2%2Fmedia&parent=127049"}],"wp:term":[{"taxonomy":"category","embeddable":true,"href":"https:\/\/laregionsur.com\/index.php?rest_route=%2Fwp%2Fv2%2Fcategories&post=127049"},{"taxonomy":"post_tag","embeddable":true,"href":"https:\/\/laregionsur.com\/index.php?rest_route=%2Fwp%2Fv2%2Ftags&post=127049"}],"curies":[{"name":"wp","href":"https:\/\/api.w.org\/{rel}","templated":true}]}}