{"id":127012,"date":"2023-04-21T21:10:27","date_gmt":"2023-04-21T21:10:27","guid":{"rendered":"https:\/\/laregionsur.com\/?p=127012"},"modified":"2023-04-21T21:10:27","modified_gmt":"2023-04-21T21:10:27","slug":"asociacion-de-herederos-y-propietarios-de-coscore-invoca-a-fiscalia-atender-sus-denuncias","status":"publish","type":"post","link":"https:\/\/laregionsur.com\/?p=127012","title":{"rendered":"ASOCIACI\u00d3N DE HEREDEROS Y PROPIETARIOS DE COSCORE  INVOCA A FISCAL\u00cdA ATENDER SUS DENUNCIAS."},"content":{"rendered":"<p>ASOCIACI\u00d3N DE HEREDEROS Y PROPIETARIOS DE COSCORE<\/p>\n<p>INVOCA A FISCAL\u00cdA ATENDER SUS DENUNCIAS.<\/p>\n<ul>\n<li>Tras la suspensi\u00f3n de la inspecci\u00f3n por parte de la Fiscal\u00eda, la asociaci\u00f3n solicita la investigaci\u00f3n del caso por usurpaci\u00f3n de terrenos<\/li>\n<li>Seg\u00fan informaci\u00f3n de la propia fiscal, Iv\u00e1n Mendoza indic\u00f3 que no podr\u00eda presentarse a la citaci\u00f3n debido la falta de disponibilidad de su abogado<\/li>\n<\/ul>\n<p>&nbsp;<\/p>\n<p>Peri\u00f3dico Digital La Regi\u00f3n Sur, 21 Abril 2023.- Miembros de la Asociaci\u00f3n de Herederos y Propietarios de Altos de Coscore solicitan a la Fiscal\u00eda revisar la denuncia interpuesta al presidente de la Comunidad Campesina de Tumilaca, Pocata, Coscore y Tala, Iv\u00e1n Mendoza, por la usurpaci\u00f3n de 6 hect\u00e1reas de terreno, ubicados en el sector de Cruz Pata &#8211; Torata, en Moquegua.<\/p>\n<p>Tras la suspensi\u00f3n de la inspecci\u00f3n programada para el jueves 20 de abril a las 8:30 a.m. por parte de la Fiscal\u00eda, debido a la inasistencia de Mendoza, Rolando Cornejo, miembro de la asociaci\u00f3n, inform\u00f3 que la audiencia se estar\u00eda reprogramando para el 04 de mayo.<\/p>\n<p>\u201cEl se\u00f1or Iv\u00e1n Mendoza present\u00f3 un escrito a menos de 24 horas de realizarse la inspecci\u00f3n, indicando que no pod\u00eda asistir a la cita, porque su abogado ten\u00eda una diligencia programada en el juzgado. Como propietarios sentimos que est\u00e1n alargando el proceso, permitiendo que Mendoza realice destrozos y trabajos dentro de nuestra propiedad\u201d, afirm\u00f3 Cornejo en entrevista con el portal Punta de Coles, de Moquegua<\/p>\n<p>Cornejo coment\u00f3 que tienen los documentos que prueban ante las autoridades correspondientes, que los terrenos le pertenecen a Mar\u00eda Landa, Roxana Landa, Mart\u00edn Cabana y Rolando Cornejo, miembros de la asociaci\u00f3n en menci\u00f3n.<\/p>\n<p>\u201cTenemos 13 documentos que se\u00f1alan fehacientemente que esos terrenos son de nuestra propiedad. No es la primera vez que Iv\u00e1n Mendoza procede de esta manera. Recordemos que anteriormente invadi\u00f3 Vi\u00f1a Blanca, sin embargo, no pudo demostrar que ese lugar le pertenec\u00eda y tuvo que retirarse\u201d, enfatiz\u00f3 Cornejo.<\/p>\n<p>Cornejo reiter\u00f3 que la Fiscal\u00eda debe atender sus denuncias y revisar la documentaci\u00f3n correspondiente para dar fin a esta situaci\u00f3n. Tambi\u00e9n detall\u00f3 que no es la primera vez que han querido invadir sus tierras, ya que en el 2015 tambi\u00e9n pretendieron ingresar a sus terrenos, sin embargo, lograron retirarlos del lugar.<\/p>\n<p>Actualmente, el lugar en menci\u00f3n se encuentra delimitado con bloques de concreto y un p\u00f3rtico de metal, impidiendo el libre tr\u00e1nsito de los propietarios. Adem\u00e1s, se pueden apreciar casas de palos, esteras y pl\u00e1sticos dentro del predio, instalados por los invasores.<\/p>\n<p><img loading=\"lazy\" decoding=\"async\" class=\"alignnone size-medium wp-image-127015\" src=\"https:\/\/laregionsur.com\/wp-content\/uploads\/2023\/04\/IVAN-1-300x150.jpg\" alt=\"\" width=\"300\" height=\"150\" \/> <img loading=\"lazy\" decoding=\"async\" class=\"alignnone size-medium wp-image-127016\" src=\"https:\/\/laregionsur.com\/wp-content\/uploads\/2023\/04\/IVAN-2-1-300x191.jpg\" alt=\"\" width=\"300\" height=\"191\" \/> <img loading=\"lazy\" decoding=\"async\" class=\"alignnone size-medium wp-image-127017\" src=\"https:\/\/laregionsur.com\/wp-content\/uploads\/2023\/04\/IVAN-3-300x200.jpg\" alt=\"\" width=\"300\" height=\"200\" \/> <img loading=\"lazy\" decoding=\"async\" class=\"alignnone size-medium wp-image-127018\" src=\"https:\/\/laregionsur.com\/wp-content\/uploads\/2023\/04\/IVAN-4-300x200.jpg\" alt=\"\" width=\"300\" height=\"200\" \/><\/p>\n<p>&nbsp;<\/p>\n","protected":false},"excerpt":{"rendered":"<p>ASOCIACI\u00d3N DE HEREDEROS Y PROPIETARIOS DE COSCORE INVOCA A FISCAL\u00cdA ATENDER SUS DENUNCIAS. Tras la suspensi\u00f3n de la inspecci\u00f3n por parte de la Fiscal\u00eda, la asociaci\u00f3n solicita la investigaci\u00f3n del caso por usurpaci\u00f3n de terrenos Seg\u00fan informaci\u00f3n de la propia fiscal, Iv\u00e1n Mendoza indic\u00f3 que no podr\u00eda presentarse a la citaci\u00f3n debido la falta de &hellip;<\/p>\n","protected":false},"author":1,"featured_media":127014,"comment_status":"open","ping_status":"open","sticky":false,"template":"","format":"standard","meta":{"footnotes":""},"categories":[56,39],"tags":[],"class_list":["post-127012","post","type-post","status-publish","format-standard","has-post-thumbnail","","category-finance","category-stock-market"],"_links":{"self":[{"href":"https:\/\/laregionsur.com\/index.php?rest_route=\/wp\/v2\/posts\/127012","targetHints":{"allow":["GET"]}}],"collection":[{"href":"https:\/\/laregionsur.com\/index.php?rest_route=\/wp\/v2\/posts"}],"about":[{"href":"https:\/\/laregionsur.com\/index.php?rest_route=\/wp\/v2\/types\/post"}],"author":[{"embeddable":true,"href":"https:\/\/laregionsur.com\/index.php?rest_route=\/wp\/v2\/users\/1"}],"replies":[{"embeddable":true,"href":"https:\/\/laregionsur.com\/index.php?rest_route=%2Fwp%2Fv2%2Fcomments&post=127012"}],"version-history":[{"count":0,"href":"https:\/\/laregionsur.com\/index.php?rest_route=\/wp\/v2\/posts\/127012\/revisions"}],"wp:featuredmedia":[{"embeddable":true,"href":"https:\/\/laregionsur.com\/index.php?rest_route=\/"}],"wp:attachment":[{"href":"https:\/\/laregionsur.com\/index.php?rest_route=%2Fwp%2Fv2%2Fmedia&parent=127012"}],"wp:term":[{"taxonomy":"category","embeddable":true,"href":"https:\/\/laregionsur.com\/index.php?rest_route=%2Fwp%2Fv2%2Fcategories&post=127012"},{"taxonomy":"post_tag","embeddable":true,"href":"https:\/\/laregionsur.com\/index.php?rest_route=%2Fwp%2Fv2%2Ftags&post=127012"}],"curies":[{"name":"wp","href":"https:\/\/api.w.org\/{rel}","templated":true}]}}