{"id":126906,"date":"2023-04-08T13:11:17","date_gmt":"2023-04-08T13:11:17","guid":{"rendered":"https:\/\/laregionsur.com\/?p=126906"},"modified":"2023-04-08T13:11:17","modified_gmt":"2023-04-08T13:11:17","slug":"ultimo-minuto-onu-y-oea-ordenan-restitucion-de-pedro-castillo","status":"publish","type":"post","link":"https:\/\/laregionsur.com\/?p=126906","title":{"rendered":"!ULTIMO MINUTO! ONU Y OEA ORDENAN  RESTITUCI\u00d3N DE PEDRO CASTILLO"},"content":{"rendered":"<p>&nbsp;<\/p>\n<p><span class=\"yt-core-attributed-string yt-core-attributed-string--white-space-pre-wrap\">ONU Y OEA ordenan RESTITUCI\u00d3N DE CASTILLO seg\u00fan su abogado Eduardo Pachas Enfoque Pol\u00edtico Legal, el abogado <span class=\"yt-core-attributed-string--link-inherit-color\"><a class=\"yt-core-attributed-string__link yt-core-attributed-string__link--display-type yt-core-attributed-string__link--call-to-action-color\" href=\"https:\/\/www.youtube.com\/hashtag\/eduardopachas\" target=\"\" rel=\"nofollow noopener\">#EduardoPachas<\/a><\/span>, comparte las \u00faltimas medidas adoptadas por los organismos internacionales sobre el caso de su defendido, el profesor <span class=\"yt-core-attributed-string--link-inherit-color\"><a class=\"yt-core-attributed-string__link yt-core-attributed-string__link--display-type yt-core-attributed-string__link--call-to-action-color\" href=\"https:\/\/www.youtube.com\/hashtag\/pedrocastillo\" target=\"\" rel=\"nofollow noopener\">#pedrocastillo<\/a><\/span>. De acuerdo al letrado, tanto la <span class=\"yt-core-attributed-string--link-inherit-color\"><a class=\"yt-core-attributed-string__link yt-core-attributed-string__link--display-type yt-core-attributed-string__link--call-to-action-color\" href=\"https:\/\/www.youtube.com\/hashtag\/onu\" target=\"\" rel=\"nofollow noopener\">#ONU<\/a><\/span>, como la OEA, le han dado la raz\u00f3n a Castillo , por tanto DEBE SER RESTITU\u00cdDO. Fuente Redes Sociales,\u00a0 <\/span><\/p>\n<p>Esta resoluci\u00f3n internacional\u00a0 obliga al Peru proceder de acuerdo a Ley el procedimiento de su vacancia, contemplando el antejuicio pol\u00edtico que fue obviado por el congreso para vacarlo.<\/p>\n<p><span class=\"yt-core-attributed-string yt-core-attributed-string--white-space-pre-wrap\">( NOTICIA EN DESARROLLO).<br \/>\n<\/span><\/p>\n<p>&nbsp;<\/p>\n","protected":false},"excerpt":{"rendered":"<p>&nbsp; ONU Y OEA ordenan RESTITUCI\u00d3N DE CASTILLO seg\u00fan su abogado Eduardo Pachas Enfoque Pol\u00edtico Legal, el abogado #EduardoPachas, comparte las \u00faltimas medidas adoptadas por los organismos internacionales sobre el caso de su defendido, el profesor #pedrocastillo. De acuerdo al letrado, tanto la #ONU, como la OEA, le han dado la raz\u00f3n a Castillo , &hellip;<\/p>\n","protected":false},"author":1,"featured_media":126907,"comment_status":"open","ping_status":"open","sticky":false,"template":"","format":"standard","meta":{"footnotes":""},"categories":[56,40],"tags":[],"class_list":["post-126906","post","type-post","status-publish","format-standard","has-post-thumbnail","","category-finance","category-nacionales"],"_links":{"self":[{"href":"https:\/\/laregionsur.com\/index.php?rest_route=\/wp\/v2\/posts\/126906","targetHints":{"allow":["GET"]}}],"collection":[{"href":"https:\/\/laregionsur.com\/index.php?rest_route=\/wp\/v2\/posts"}],"about":[{"href":"https:\/\/laregionsur.com\/index.php?rest_route=\/wp\/v2\/types\/post"}],"author":[{"embeddable":true,"href":"https:\/\/laregionsur.com\/index.php?rest_route=\/wp\/v2\/users\/1"}],"replies":[{"embeddable":true,"href":"https:\/\/laregionsur.com\/index.php?rest_route=%2Fwp%2Fv2%2Fcomments&post=126906"}],"version-history":[{"count":0,"href":"https:\/\/laregionsur.com\/index.php?rest_route=\/wp\/v2\/posts\/126906\/revisions"}],"wp:featuredmedia":[{"embeddable":true,"href":"https:\/\/laregionsur.com\/index.php?rest_route=\/"}],"wp:attachment":[{"href":"https:\/\/laregionsur.com\/index.php?rest_route=%2Fwp%2Fv2%2Fmedia&parent=126906"}],"wp:term":[{"taxonomy":"category","embeddable":true,"href":"https:\/\/laregionsur.com\/index.php?rest_route=%2Fwp%2Fv2%2Fcategories&post=126906"},{"taxonomy":"post_tag","embeddable":true,"href":"https:\/\/laregionsur.com\/index.php?rest_route=%2Fwp%2Fv2%2Ftags&post=126906"}],"curies":[{"name":"wp","href":"https:\/\/api.w.org\/{rel}","templated":true}]}}