{"id":126867,"date":"2023-04-04T02:00:59","date_gmt":"2023-04-04T02:00:59","guid":{"rendered":"https:\/\/laregionsur.com\/?p=126867"},"modified":"2023-04-04T02:00:59","modified_gmt":"2023-04-04T02:00:59","slug":"condenan-a-jefe-de-logistica-y-a-vendedor-de-de-frazadas","status":"publish","type":"post","link":"https:\/\/laregionsur.com\/?p=126867","title":{"rendered":"CONDENAN A JEFE DE LOG\u00cdSTICA Y A VENDEDOR DE DE FRAZADAS"},"content":{"rendered":"<div class=\"\" dir=\"auto\">\n<div id=\":rn6:\" class=\"x1iorvi4 x1pi30zi x1swvt13 x1l90r2v\" data-ad-comet-preview=\"message\" data-ad-preview=\"message\">\n<div class=\"x78zum5 xdt5ytf xz62fqu x16ldp7u\">\n<div class=\"xu06os2 x1ok221b\">\n<div class=\"x11i5rnm xat24cr x1mh8g0r x1vvkbs xdj266r x126k92a\">\n<div dir=\"auto\">CONDENAN A JEFE DE LOG\u00cdSTICA<\/div>\n<div dir=\"auto\">Y A VENDEDOR DE DE FRAZADAS<\/div>\n<\/div>\n<\/div>\n<div dir=\"auto\">\n<div dir=\"auto\"><\/div>\n<div dir=\"auto\"><\/div>\n<div dir=\"auto\">* 10 a\u00f1os de c\u00e1rcel por colusi\u00f3n agravada, en agravio del GORE Moquegua<\/div>\n<div dir=\"auto\"><\/div>\n<div dir=\"auto\">Peri\u00f3dico El Rotativo: 03-04-2023.- Diez a\u00f1os de c\u00e1rcel y una reparaci\u00f3n civil de 150 mil soles, dict\u00f3 el juez penal Luis Talavera Herrera contra el exjefe de Log\u00edstica del Gobierno Regional de Moquegua, \u00c1ngel Agust\u00edn Flores Hala (natural de Arequipa) y el proveedor Wilfredo Flavio P\u00e9rez Guzm\u00e1n, natural de Yunguyo (Puno), por el delito de colusi\u00f3n agravada, en el caso de la oscura compra de frazadas para la emergencia del friaje (a\u00f1o 2016) en la segunda gesti\u00f3n del exgobernador Jaime Alberto Rodr\u00edguez Villanueva.<\/div>\n<\/div>\n<div class=\"xu06os2 x1ok221b\">\n<div class=\"x11i5rnm xat24cr x1mh8g0r x1vvkbs xdj266r x126k92a\">\n<div dir=\"auto\">Mientras que, Antonio Rub\u00e9n Bustamante Bedoya (jefe de Defensa Civil) natural de Arequipa, Romel Pastor Hurtado Eyzaguirre (jefe del Almac\u00e9n General) de Moquegua y el moqueguano V\u00edctor Ra\u00fal Minaya M\u00e1laga (encargado del Almac\u00e9n Central), fueron absueltos.<\/div>\n<div dir=\"auto\">En se\u00f1al de disconformidad, el titular del Tercer Despacho de la Fiscal\u00eda Especializada en Delitos de Corrupci\u00f3n de Funcionarios, present\u00f3 el recurso de apelaci\u00f3n a la sentencia en el extremo que absuelve a los tres exfuncionarios.<\/div>\n<div dir=\"auto\">HECHOS PROBADOS<\/div>\n<div dir=\"auto\">Se prob\u00f3 que el a\u00f1o 2016, el Gobierno Regional de Moquegua llev\u00f3 a cabo el proceso de selecci\u00f3n para la adquisici\u00f3n de 10 mil frazadas destinadas a la atenci\u00f3n social por causa del friaje en las zonas alto andinas, con un presupuesto de S\/. 399.000.00 soles.<\/div>\n<div dir=\"auto\">Se prob\u00f3 que la adjudicaci\u00f3n favoreci\u00f3 la participaci\u00f3n extempor\u00e1nea del proveedor Wilfredo Flavio P\u00e9rez Guzm\u00e1n; pues, pese a que 12 postores cumplieron los plazos, el jefe de Log\u00edstica propici\u00f3 irregularmente la modificaci\u00f3n del cronograma en el sistema del SEACE hasta en cinco oportunidades.<\/div>\n<div dir=\"auto\">Se prob\u00f3 que la propuesta de P\u00e9rez Guzm\u00e1n por S\/. 399.000.00 soles (S\/. 39.90 por frazada), fue aceptada pese a que exist\u00edan mejores propuestas de precio; adjudic\u00e1ndose la buena pro en diciembre del 2016; habiendo entregado las frazadas incompletas, a destiempo y sin las caracter\u00edsticas espec\u00edficas requeridas en peso, color y dise\u00f1o.<\/div>\n<div dir=\"auto\">Se prob\u00f3 que el proveedor Wilfredo P\u00e9rez, antes de participar en la licitaci\u00f3n hizo fabricar las 10 mil frazadas (que incumpl\u00edan las caracter\u00edsticas exigidas en las bases) a la empresa BUSATEX con un costo de S\/. 25.00 la unidad, monto menor a su propuesta.<\/div>\n<div dir=\"auto\">Se prob\u00f3 que el proveedor, funcionarios y encargados el almac\u00e9n del gobierno regional simularon el ingreso de las 10 mil frazadas un d\u00eda despu\u00e9s de firmada la buena pro, ingreso que fue reci\u00e9n entre el 07 de enero y el 28 de febrero del 2017, fechas extempor\u00e1neas a lo exigido en las bases.<\/div>\n<div dir=\"auto\">Con el levantamiento del secreto de comunicaciones, se prob\u00f3 que en las fechas claves hubo contacto entre Agust\u00edn Flores Hala y el proveedor Wilfredo P\u00e9rez Guzm\u00e1n, raz\u00f3n de la sentencia emitida por el juez Luis Talavera Herrera.<\/div>\n<div dir=\"auto\">UNO ESTA PRESO<\/div>\n<div dir=\"auto\">Y OTRO PROFUGO<\/div>\n<div dir=\"auto\">\u00c1ngel Agust\u00edn Flores Hala, exjefe de Log\u00edstica (natural de Arequipa) se encuentra preso desde cuando se dict\u00f3 mandato de prisi\u00f3n preventiva, mientras que el proveedor Wilfredo Flavio P\u00e9rez Guzm\u00e1n est\u00e1 pr\u00f3fugo y con orden de captura nacional.<\/div>\n<div dir=\"auto\"><\/div>\n<\/div>\n<\/div>\n<\/div>\n<\/div>\n<\/div>\n","protected":false},"excerpt":{"rendered":"<p>CONDENAN A JEFE DE LOG\u00cdSTICA Y A VENDEDOR DE DE FRAZADAS * 10 a\u00f1os de c\u00e1rcel por colusi\u00f3n agravada, en agravio del GORE Moquegua Peri\u00f3dico El Rotativo: 03-04-2023.- Diez a\u00f1os de c\u00e1rcel y una reparaci\u00f3n civil de 150 mil soles, dict\u00f3 el juez penal Luis Talavera Herrera contra el exjefe de Log\u00edstica del Gobierno Regional &hellip;<\/p>\n","protected":false},"author":1,"featured_media":126868,"comment_status":"open","ping_status":"open","sticky":false,"template":"","format":"standard","meta":{"footnotes":""},"categories":[61,56,39],"tags":[],"class_list":["post-126867","post","type-post","status-publish","format-standard","has-post-thumbnail","","category-arequipa","category-finance","category-stock-market"],"_links":{"self":[{"href":"https:\/\/laregionsur.com\/index.php?rest_route=\/wp\/v2\/posts\/126867","targetHints":{"allow":["GET"]}}],"collection":[{"href":"https:\/\/laregionsur.com\/index.php?rest_route=\/wp\/v2\/posts"}],"about":[{"href":"https:\/\/laregionsur.com\/index.php?rest_route=\/wp\/v2\/types\/post"}],"author":[{"embeddable":true,"href":"https:\/\/laregionsur.com\/index.php?rest_route=\/wp\/v2\/users\/1"}],"replies":[{"embeddable":true,"href":"https:\/\/laregionsur.com\/index.php?rest_route=%2Fwp%2Fv2%2Fcomments&post=126867"}],"version-history":[{"count":0,"href":"https:\/\/laregionsur.com\/index.php?rest_route=\/wp\/v2\/posts\/126867\/revisions"}],"wp:featuredmedia":[{"embeddable":true,"href":"https:\/\/laregionsur.com\/index.php?rest_route=\/"}],"wp:attachment":[{"href":"https:\/\/laregionsur.com\/index.php?rest_route=%2Fwp%2Fv2%2Fmedia&parent=126867"}],"wp:term":[{"taxonomy":"category","embeddable":true,"href":"https:\/\/laregionsur.com\/index.php?rest_route=%2Fwp%2Fv2%2Fcategories&post=126867"},{"taxonomy":"post_tag","embeddable":true,"href":"https:\/\/laregionsur.com\/index.php?rest_route=%2Fwp%2Fv2%2Ftags&post=126867"}],"curies":[{"name":"wp","href":"https:\/\/api.w.org\/{rel}","templated":true}]}}