{"id":126863,"date":"2023-04-04T01:37:34","date_gmt":"2023-04-04T01:37:34","guid":{"rendered":"https:\/\/laregionsur.com\/?p=126863"},"modified":"2023-04-04T01:37:34","modified_gmt":"2023-04-04T01:37:34","slug":"la-ruta-escabrosa-del-canon-minero","status":"publish","type":"post","link":"https:\/\/laregionsur.com\/?p=126863","title":{"rendered":"LA RUTA ESCABROSA DEL CANON MINERO."},"content":{"rendered":"<p>LA RUTA ESCABROSA DEL CANON MINERO.<\/p>\n<p>&nbsp;<\/p>\n<p>Escribe: Enrique Lazo Flores<\/p>\n<p>&nbsp;<\/p>\n<p><strong><em>Muy pocos saben la ruta escabrosa que tiene que recorrer este recurso, hasta llegar al pueblo v\u00eda sus autoridades que hoy se frotan las manos para tenerlo ya\u2026.\u00a0\u00a0 <\/em><\/strong><\/p>\n<p>&nbsp;<\/p>\n<p>Peri\u00f3dico Digital La Regi\u00f3n Sur, 02 abril 2023.-\u00a0 Cuando la crisis econ\u00f3mica arrecia en el pa\u00eds, y los m\u00e1s afectado son sectores de pobreza y extrema pobreza, la poblaci\u00f3n sin recursos ni oportunidades de trabajo, con la salud en condiciones paup\u00e9rrimas, comedores populares colapsadas, la ciudadan\u00eda en manos de la delincuencia, las autoridades claman al gobierno central, \u201cun adelanto del canon minero\u201d, como una tabla de salvaci\u00f3n y exigen con \u201cjustificada autoridad\u201d, porque dicen son \u201cnuestros recursos naturales\u201d.<\/p>\n<p>&nbsp;<\/p>\n<p>Bien, cierto es que el canon minero son dineros del producto de los recursos naturales que el pa\u00eds posee, pero para ello se tiene que trabajar duro desde el inicio del proyecto, hasta que el producto salga y tuvo que pasar por una serie de procesos legales, laborales, salvar barreras como los conflictos sociales, que al final de la jornada no son vistos de esa manera, pero si son \u201cexigidos por derecho\u201d, para finalmente gozar de ese derecho, llamado El Canon Minero. Muy pocos saben la ruta escabrosa que tiene que recorrer este recurso, hasta llegar al pueblo v\u00eda sus autoridades, que hoy se frotan las manos para tenerlo ya.<\/p>\n<p>&nbsp;<\/p>\n<p>Habr\u00eda que analizar desde el fondo el manejo de este beneficio que en el Peru, logr\u00f3 salvar vidas en momentos de pandemia, y que en muchos casos las autoridades autorizadas a utilizar en beneficio de la poblaci\u00f3n, jam\u00e1s lograron entender el objetivo de este beneficio,\u00a0 no le dieron el verdadero uso, dando lugar que el uso y beneficio del canon minero llegara a manos de los antimineros, que s\u00ed lo supieron utilizar al extremo de satanizarlo, pero lo cierto es que No hay canon minero, si no hay producci\u00f3n, por lo tanto, tampoco\u00a0 \u00a0habr\u00eda utilidades.<\/p>\n<p>&nbsp;<\/p>\n<p>Muchas p\u00e1ginas se han escrito sobre el canon minero, al extremo de llevarlo al plano de la \u00a0confusi\u00f3n, se han generado informaciones erradas, y se formaron ideas absurdas sobre el canon minero, pero no se dan a conocer o, si se dan son muy pocas, que el canon minero es un tema absolutamente t\u00e9cnico, que no solo en \u00e9poca de campa\u00f1a electoral, sino en momentos del inicio de gesti\u00f3n de nuevas autoridades, son elevados al plano pol\u00edtico, cre\u00e1ndose mitos que son difundidos entre la poblaci\u00f3n, sobre todo de opositores a que lleguen las inversiones privadas.<\/p>\n<p>&nbsp;<\/p>\n<p>Este a\u00f1o 2023, es el inicio de los periodos de gobiernos locales y regionales, ya se escuchan voces que, a tres meses de gobierno, aun no se nota la mano de las nuevas autoridades, acaso es muy temprano para tales exigencias, pero lo cierto que es el canon minero est\u00e1 en carpetas de discusi\u00f3n sobre la<\/p>\n<p>Manera de c\u00f3mo se va distribuir, o quien reparte y cuanto corresponde, sin conocer, que no se puede repartir el canon si antes la empresa no obtiene utilidades, en el caso de una empresa minera, \u00e9sta debi\u00f3 generar utilidades, pagar el impuesto a la renta, que es de donde proviene el canon minero, por lo tanto, si la empresa no genera utilidades y rentabilidad no puede pagar impuesto a la renta y tampoco canon minero, as\u00ed de simple.<\/p>\n<p>Por lo tanto, es menester refrescar la memoria que el Canon minero es de acuerdo a ley, el 50% del impuesto a la renta que pagan las empresas mineras.<\/p>\n<p>De acuerdo a los criterios y porcentajes de distribuci\u00f3n del canon minero que establece el MEF, el 100% del canon a distribuir proviene de cada regi\u00f3n o regiones en cuyo territorio se explotan los recursos naturales. Y se distribuye como sigue:<\/p>\n<p>-El 10% para los gobiernos locales de la municipalidad o municipalidades.<\/p>\n<p>-Otro 25% para los mismos gobiernos, pero de las municipalidades distritales y provinciales.<\/p>\n<p>-El 40% adicional se reparte entre los gobiernos locales ubicados dentro del departamento o departamentos de las regiones.<\/p>\n<p>-Por \u00faltimo, el 25% restante es para los gobiernos regionales.<\/p>\n<p>Si el monto de los impuestos resulta mayor es porque hubo m\u00e1s producci\u00f3n, por lo que los conflictos sociales, como paros y bloqueos generados por los opositores a la miner\u00eda responsable, afectan directamente a la producci\u00f3n y, por ende, al monto de los impuestos y el canon.<\/p>\n<p>&nbsp;<\/p>\n<p>El pa\u00eds atraves\u00f3 momentos dif\u00edciles desde la aparici\u00f3n de la pandemia Covid-19, la crisis pol\u00edtica en las elecciones pasadas, los conflictos sociales en las comunidades cercanas a proyectos mineros, bloqueos e incendios en v\u00edas de comunicaci\u00f3n y campamentos, atentados a la vida de miles de ciudadanos de campamentos mineros como Cuajone, Las Bambas y otros corredores mineros, pese a ello, hubo asientos mineros que nunca dejaron de producir y nunca dejaron de generar los recursos econ\u00f3micos que permiti\u00f3 que el pa\u00eds no se paralice, la miner\u00eda fue quien aport\u00f3 en momentos que el pa\u00eds lo necesitaba y gracias a ello el Sol es la moneda m\u00e1s fuerte de la regi\u00f3n.<\/p>\n<p>Pese a esas crisis que se vivi\u00f3 en el pa\u00eds, hoy los gobiernos locales y regionales, as\u00ed como el mismo gobierno central, viven en la esperanza de contar con esos recursos para cumplir con las exigencias de la poblaci\u00f3n, utilizando como es debido el Canon Minero, mejorando la calidad de vida de miles de peruanos.<\/p>\n<p>En estas nuevas gestiones de gobierno, el Canon Minero ser\u00e1 nuevamente la tabla de salvaci\u00f3n de sus gestiones solo deben utilizarlos y no guard\u00e1rselos, y ser\u00e1 una manera de reconocer que la ruta que atraviesa el canon minero para llegar hasta las arcas de gobiernos, no es f\u00e1cil como tampoco es dif\u00edcil saber utilizarlos, solo se necesita criterio y decisi\u00f3n de las autoridades.<\/p>\n<p>&nbsp;<\/p>\n<p>&nbsp;<\/p>\n","protected":false},"excerpt":{"rendered":"<p>LA RUTA ESCABROSA DEL CANON MINERO. &nbsp; Escribe: Enrique Lazo Flores &nbsp; Muy pocos saben la ruta escabrosa que tiene que recorrer este recurso, hasta llegar al pueblo v\u00eda sus autoridades que hoy se frotan las manos para tenerlo ya\u2026.\u00a0\u00a0 &nbsp; Peri\u00f3dico Digital La Regi\u00f3n Sur, 02 abril 2023.-\u00a0 Cuando la crisis econ\u00f3mica arrecia en &hellip;<\/p>\n","protected":false},"author":1,"featured_media":126864,"comment_status":"open","ping_status":"open","sticky":false,"template":"","format":"standard","meta":{"footnotes":""},"categories":[38,56,39,44],"tags":[],"class_list":["post-126863","post","type-post","status-publish","format-standard","has-post-thumbnail","","category-editorial","category-finance","category-stock-market","category-global-trade"],"_links":{"self":[{"href":"https:\/\/laregionsur.com\/index.php?rest_route=\/wp\/v2\/posts\/126863","targetHints":{"allow":["GET"]}}],"collection":[{"href":"https:\/\/laregionsur.com\/index.php?rest_route=\/wp\/v2\/posts"}],"about":[{"href":"https:\/\/laregionsur.com\/index.php?rest_route=\/wp\/v2\/types\/post"}],"author":[{"embeddable":true,"href":"https:\/\/laregionsur.com\/index.php?rest_route=\/wp\/v2\/users\/1"}],"replies":[{"embeddable":true,"href":"https:\/\/laregionsur.com\/index.php?rest_route=%2Fwp%2Fv2%2Fcomments&post=126863"}],"version-history":[{"count":0,"href":"https:\/\/laregionsur.com\/index.php?rest_route=\/wp\/v2\/posts\/126863\/revisions"}],"wp:featuredmedia":[{"embeddable":true,"href":"https:\/\/laregionsur.com\/index.php?rest_route=\/"}],"wp:attachment":[{"href":"https:\/\/laregionsur.com\/index.php?rest_route=%2Fwp%2Fv2%2Fmedia&parent=126863"}],"wp:term":[{"taxonomy":"category","embeddable":true,"href":"https:\/\/laregionsur.com\/index.php?rest_route=%2Fwp%2Fv2%2Fcategories&post=126863"},{"taxonomy":"post_tag","embeddable":true,"href":"https:\/\/laregionsur.com\/index.php?rest_route=%2Fwp%2Fv2%2Ftags&post=126863"}],"curies":[{"name":"wp","href":"https:\/\/api.w.org\/{rel}","templated":true}]}}