{"id":126840,"date":"2023-03-31T02:04:19","date_gmt":"2023-03-31T02:04:19","guid":{"rendered":"https:\/\/laregionsur.com\/?p=126840"},"modified":"2023-03-31T02:04:19","modified_gmt":"2023-03-31T02:04:19","slug":"spcc-y-unam-firman-convenio-para-capacitar-a-lideres-de-organizaciones-sociales-y-productivas","status":"publish","type":"post","link":"https:\/\/laregionsur.com\/?p=126840","title":{"rendered":"SPCC Y UNAM FIRMAN CONVENIO PARA CAPACITAR A  L\u00cdDERES DE ORGANIZACIONES SOCIALES Y PRODUCTIVAS"},"content":{"rendered":"<p>SPCC Y UNAM FIRMAN CONVENIO PARA CAPACITAR A<\/p>\n<p>L\u00cdDERES DE ORGANIZACIONES SOCIALES Y PRODUCTIVAS<\/p>\n<ul>\n<li>Alumnos de la Escuela de Gesti\u00f3n P\u00fablica har\u00e1n voluntariado para fortalecer capacidades de l\u00edderes y mejorar su formaci\u00f3n acad\u00e9mica.<\/li>\n<\/ul>\n<p>Peri\u00f3dico Digital La Regi\u00f3n Sur,\u00a0 30 Marzo\u00a0 2023.-Southern\u00a0\u00a0 Per\u00fa\u00a0\u00a0 y\u00a0\u00a0 la\u00a0\u00a0 Universidad\u00a0\u00a0 Nacional\u00a0\u00a0 de\u00a0\u00a0 Moquegua\u00a0\u00a0 (UNAM) suscribieron\u00a0 hoy\u00a0 un\u00a0 convenio\u00a0 de\u00a0 cooperaci\u00f3n\u00a0 interinstitucional en virtud\u00a0 del cual,\u00a0 estudiantes\u00a0 de esta casa de estudios fortalecer\u00e1n sus capacidades y a su vez contribuir\u00e1n a capacitara l\u00edderes de organizaciones sociales y productivas del distrito de Torata (Moquegua); en la formulaci\u00f3n y gesti\u00f3n de proyectos.<\/p>\n<p>Los universitarios que cursan el \u00faltimo a\u00f1o de la Escuela de Gesti\u00f3n P\u00fablica ser\u00e1n \u2018incorporados\u2019 a los\u00a0 procesos\u00a0 establecidos\u00a0 en\u00a0 el\u00a0 concurso\u00a0 de\u00a0 proyectos por convocatoria \u201cImpulsa Torata\u201d que desarrolla Southern Per\u00fa en dicho distrito.<\/p>\n<p>Especialistas de Southern Per\u00fa los instruir\u00e1n sobre los alcances, detalles y manejo del concurso de proyectos a fin de que los universitarios capaciten posteriormente a los l\u00edderes de las organizaciones ganadoras sobre la forma correcta de formular y gestionar proyectos. Adem\u00e1s, har\u00e1n seguimiento a la implementaci\u00f3n de \u00e9stos y su control en campo.<\/p>\n<p>La\u00a0 empresa\u00a0 minera brindar\u00e1 las\u00a0 facilidades\u00a0 para\u00a0 el\u00a0 traslado y\u00a0 alimentaci\u00f3n\u00a0 de\u00a0 los\u00a0 j\u00f3venes\u00a0 del \u201cVoluntariado Universitario Comunitario\u201d y acompa\u00f1ar\u00e1\u00a0 sus\u00a0 actividades en\u00a0 campo.\u00a0 As\u00ed\u00a0 mismo, asignar\u00e1 dos vacantes para pr\u00e1cticas profesionales por tres meses\u00a0 a los voluntarios que culminen con \u00e9xito su trabajo y promover\u00e1 visitas guiadas a sus operaciones mineras.<\/p>\n<p>El convenio tendr\u00e1 vigencia hasta octubre del presente a\u00f1o y podr\u00e1 renovarse seg\u00fan necesidad.<\/p>\n<p>En la firma particip\u00f3 el presidente de la Comisi\u00f3n Organizadora de la UNAM, Dr. Washington Zeballos G\u00e1mez y el jefe de Comunicaciones de Southern Per\u00fa, Lic. Pa\u00fal Lostaunau Ramos, quien destac\u00f3 la importancia de articular esfuerzos entre el sector privado y la academia para mejorar competencias de los estudiantes y fortalecerlas capacidades de los pobladores.<\/p>\n<p>Como se recuerda Southern Per\u00fa, a trav\u00e9s de \u201cImpulsa Torata\u201d, promueve la ejecuci\u00f3n de proyectos de\u00a0 inversi\u00f3n\u00a0 social\u00a0 compartida\u00a0 entre\u00a0 empresa\u00a0 y comunidad\u00a0 que\u00a0 contribuyan\u00a0 a\u00a0 mejorar\u00a0 las condiciones de vida de la gente.<\/p>\n<p>Dicho concurso permite a organizaciones sociales y productivas de Torata, as\u00ed como instituciones y emprendedores locales postular iniciativas de proyectos para acceder a un capital semilla que les permita ejecutarlos.<\/p>\n<p>De acuerdo con las bases del concurso los postulantes deben elaborar perfiles de proyectos y, en caso de resultar ganadores, emplear eficientemente el capital semilla en especies para ejecutar el proyecto, lo que requiere seguimiento y control en campo.<\/p>\n<p><img loading=\"lazy\" decoding=\"async\" class=\"alignnone size-medium wp-image-126842\" src=\"https:\/\/laregionsur.com\/wp-content\/uploads\/2023\/03\/PA-2-300x188.jpg\" alt=\"\" width=\"300\" height=\"188\" \/> <img loading=\"lazy\" decoding=\"async\" class=\"alignnone size-medium wp-image-126843\" src=\"https:\/\/laregionsur.com\/wp-content\/uploads\/2023\/03\/PA-3-300x200.jpg\" alt=\"\" width=\"300\" height=\"200\" \/><\/p>\n<p>&nbsp;<\/p>\n","protected":false},"excerpt":{"rendered":"<p>SPCC Y UNAM FIRMAN CONVENIO PARA CAPACITAR A L\u00cdDERES DE ORGANIZACIONES SOCIALES Y PRODUCTIVAS Alumnos de la Escuela de Gesti\u00f3n P\u00fablica har\u00e1n voluntariado para fortalecer capacidades de l\u00edderes y mejorar su formaci\u00f3n acad\u00e9mica. Peri\u00f3dico Digital La Regi\u00f3n Sur,\u00a0 30 Marzo\u00a0 2023.-Southern\u00a0\u00a0 Per\u00fa\u00a0\u00a0 y\u00a0\u00a0 la\u00a0\u00a0 Universidad\u00a0\u00a0 Nacional\u00a0\u00a0 de\u00a0\u00a0 Moquegua\u00a0\u00a0 (UNAM) suscribieron\u00a0 hoy\u00a0 un\u00a0 convenio\u00a0 de\u00a0 cooperaci\u00f3n\u00a0 &hellip;<\/p>\n","protected":false},"author":1,"featured_media":126841,"comment_status":"open","ping_status":"open","sticky":false,"template":"","format":"standard","meta":{"footnotes":""},"categories":[56,39],"tags":[],"class_list":["post-126840","post","type-post","status-publish","format-standard","has-post-thumbnail","","category-finance","category-stock-market"],"_links":{"self":[{"href":"https:\/\/laregionsur.com\/index.php?rest_route=\/wp\/v2\/posts\/126840","targetHints":{"allow":["GET"]}}],"collection":[{"href":"https:\/\/laregionsur.com\/index.php?rest_route=\/wp\/v2\/posts"}],"about":[{"href":"https:\/\/laregionsur.com\/index.php?rest_route=\/wp\/v2\/types\/post"}],"author":[{"embeddable":true,"href":"https:\/\/laregionsur.com\/index.php?rest_route=\/wp\/v2\/users\/1"}],"replies":[{"embeddable":true,"href":"https:\/\/laregionsur.com\/index.php?rest_route=%2Fwp%2Fv2%2Fcomments&post=126840"}],"version-history":[{"count":0,"href":"https:\/\/laregionsur.com\/index.php?rest_route=\/wp\/v2\/posts\/126840\/revisions"}],"wp:featuredmedia":[{"embeddable":true,"href":"https:\/\/laregionsur.com\/index.php?rest_route=\/"}],"wp:attachment":[{"href":"https:\/\/laregionsur.com\/index.php?rest_route=%2Fwp%2Fv2%2Fmedia&parent=126840"}],"wp:term":[{"taxonomy":"category","embeddable":true,"href":"https:\/\/laregionsur.com\/index.php?rest_route=%2Fwp%2Fv2%2Fcategories&post=126840"},{"taxonomy":"post_tag","embeddable":true,"href":"https:\/\/laregionsur.com\/index.php?rest_route=%2Fwp%2Fv2%2Ftags&post=126840"}],"curies":[{"name":"wp","href":"https:\/\/api.w.org\/{rel}","templated":true}]}}