{"id":126808,"date":"2023-03-28T16:13:02","date_gmt":"2023-03-28T16:13:02","guid":{"rendered":"https:\/\/laregionsur.com\/?p=126808"},"modified":"2023-03-28T16:13:02","modified_gmt":"2023-03-28T16:13:02","slug":"presentan-programa-de-xi-festival-de-la-vendimia-y-xxiii-concurso-de-vinos-y-piscos-2023","status":"publish","type":"post","link":"https:\/\/laregionsur.com\/?p=126808","title":{"rendered":"Presentan programa de XI Festival de la Vendimia y XXIII Concurso de Vinos y Piscos 2023"},"content":{"rendered":"<p>Presentan programa de XI Festival de la Vendimia y XXIII Concurso de Vinos y Piscos 2023<\/p>\n<p>&nbsp;<\/p>\n<p><strong>* Las actividades se realizar\u00e1n este viernes 31 en el Estadio Municipal de Omate, con la participaci\u00f3n de 12 bodegas.<\/strong><\/p>\n<p>&nbsp;<\/p>\n<p>Peri\u00f3dico Digital La Regi\u00f3n Sur, 27 marzo 2023.-\u00a0 El Gobierno Regional de Moquegua, a trav\u00e9s de la Gerencia de Desarrollo Econ\u00f3mico present\u00f3 en conferencia de prensa el programa oficial del XV Festival de la Vendimia y el XXIII Concurso de Vinos y Piscos Omate 2023, acto que se cumplir\u00e1 este viernes 31 de marzo por conmemorase el 87. \u00b0 aniversario de la provincia de General S\u00e1nchez Cerro.<\/p>\n<p>&nbsp;<\/p>\n<p>Las actividades programadas se realizar\u00e1n en el Estadio Municipal de Omate, a partir de las 9:00 de la ma\u00f1ana con la instalaci\u00f3n de productores de piscos y vinos, la presentaci\u00f3n del jurado calificador de catadores, el concurso de vinos y piscos, y premiaci\u00f3n a los ganadores; la elecci\u00f3n y coronaci\u00f3n de la se\u00f1orita Miss Vendimia y fin de fiesta con la presentaci\u00f3n de la orquesta \u201cLos 5 de Oro\u201d.<\/p>\n<p>&nbsp;<\/p>\n<p>La gobernadora Gilia Guti\u00e9rrez Ayala, se\u00f1al\u00f3 que este festival que impulsa el Gore Moquegua, busca fomentar el turismo y contribuir con el movimiento econ\u00f3mico de la provincia General S\u00e1nchez Cerro, a trav\u00e9s de un trabajo articulado con la asociaci\u00f3n de productores vitivin\u00edcolas de Omate y Quinistaquillas.<\/p>\n<p>&nbsp;<\/p>\n<p>Asimismo, la primera autoridad regional inform\u00f3 que dentro de las actividades programadas se tiene previsto realizar una acci\u00f3n c\u00edvica que se denomina \u201cGesti\u00f3n con oportunidades\u201d donde participar\u00e1n las diferentes gerencias y direcciones como: la Gerencia de Desarrollo Econ\u00f3mico, Infraestructura, Recursos Naturales y Proyecto especial Pasto Grande y la Direcci\u00f3n de Salud y Educaci\u00f3n.<\/p>\n<p>&nbsp;<\/p>\n<p>\u201cQueremos que el ciudadano se informe de cu\u00e1les son los proyectos que venimos trabajando y vamos a ejecutar desde el Gore Moquegua en la provincia General S\u00e1nchez Cerro; esta iniciativa busca un acercamiento de la gesti\u00f3n regional a la ciudadan\u00eda, es importante que la poblaci\u00f3n conozca los servicios que presta el gobierno regional\u201d, expres\u00f3.<\/p>\n<p>Adem\u00e1s, el Gobierno Regional Moquegua, a trav\u00e9s de la Direcci\u00f3n Regional de Agricultura, realizar\u00e1 la entrega de camionetas, maquinaria y motocicletas para las agencias agrarias de Ichu\u00f1a y General S\u00e1nchez Cerro.<\/p>\n<p><img loading=\"lazy\" decoding=\"async\" class=\"alignnone size-medium wp-image-126810\" src=\"https:\/\/laregionsur.com\/wp-content\/uploads\/2023\/03\/2-300x200.jpg\" alt=\"\" width=\"300\" height=\"200\" \/><\/p>\n<p>&nbsp;<\/p>\n<p>&nbsp;<\/p>\n<p>&nbsp;<\/p>\n","protected":false},"excerpt":{"rendered":"<p>Presentan programa de XI Festival de la Vendimia y XXIII Concurso de Vinos y Piscos 2023 &nbsp; * Las actividades se realizar\u00e1n este viernes 31 en el Estadio Municipal de Omate, con la participaci\u00f3n de 12 bodegas. &nbsp; Peri\u00f3dico Digital La Regi\u00f3n Sur, 27 marzo 2023.-\u00a0 El Gobierno Regional de Moquegua, a trav\u00e9s de la &hellip;<\/p>\n","protected":false},"author":1,"featured_media":126809,"comment_status":"open","ping_status":"open","sticky":false,"template":"","format":"standard","meta":{"footnotes":""},"categories":[56,39],"tags":[],"class_list":["post-126808","post","type-post","status-publish","format-standard","has-post-thumbnail","","category-finance","category-stock-market"],"_links":{"self":[{"href":"https:\/\/laregionsur.com\/index.php?rest_route=\/wp\/v2\/posts\/126808","targetHints":{"allow":["GET"]}}],"collection":[{"href":"https:\/\/laregionsur.com\/index.php?rest_route=\/wp\/v2\/posts"}],"about":[{"href":"https:\/\/laregionsur.com\/index.php?rest_route=\/wp\/v2\/types\/post"}],"author":[{"embeddable":true,"href":"https:\/\/laregionsur.com\/index.php?rest_route=\/wp\/v2\/users\/1"}],"replies":[{"embeddable":true,"href":"https:\/\/laregionsur.com\/index.php?rest_route=%2Fwp%2Fv2%2Fcomments&post=126808"}],"version-history":[{"count":0,"href":"https:\/\/laregionsur.com\/index.php?rest_route=\/wp\/v2\/posts\/126808\/revisions"}],"wp:featuredmedia":[{"embeddable":true,"href":"https:\/\/laregionsur.com\/index.php?rest_route=\/"}],"wp:attachment":[{"href":"https:\/\/laregionsur.com\/index.php?rest_route=%2Fwp%2Fv2%2Fmedia&parent=126808"}],"wp:term":[{"taxonomy":"category","embeddable":true,"href":"https:\/\/laregionsur.com\/index.php?rest_route=%2Fwp%2Fv2%2Fcategories&post=126808"},{"taxonomy":"post_tag","embeddable":true,"href":"https:\/\/laregionsur.com\/index.php?rest_route=%2Fwp%2Fv2%2Ftags&post=126808"}],"curies":[{"name":"wp","href":"https:\/\/api.w.org\/{rel}","templated":true}]}}