{"id":126402,"date":"2023-03-08T02:21:27","date_gmt":"2023-03-08T02:21:27","guid":{"rendered":"https:\/\/laregionsur.com\/?p=126402"},"modified":"2023-03-08T02:21:27","modified_gmt":"2023-03-08T02:21:27","slug":"mujeres-de-ilo-recibieron-homenaje-de-gobernadora-gilia-gutierrez","status":"publish","type":"post","link":"https:\/\/laregionsur.com\/?p=126402","title":{"rendered":"Mujeres de Ilo recibieron homenaje  de Gobernadora Gilia Guti\u00e9rrez"},"content":{"rendered":"<p>Mujeres de Ilo recibieron homenaje<\/p>\n<p>de Gobernadora Gilia Guti\u00e9rrez<\/p>\n<p>&nbsp;<\/p>\n<p>&nbsp;<\/p>\n<p>Peri\u00f3dico Digital La Regi\u00f3n Sur, 07 marzo 2023.- El Gobierno Regional de Moquegua, a trav\u00e9s de la Gerencia Regional de Desarrollo Social, realiz\u00f3 un merecido homenaje de reconocimiento a las mujeres de la Provincia de Ilo, en v\u00edsperas al D\u00eda Internacional de la Mujer que se celebra este 8 de marzo.<\/p>\n<p>El acto fue encabezado por la gobernadora Gilia Guti\u00e9rrez Ayala, quien resalt\u00f3 el liderazgo de las mujeres de asociaciones, comedores populares, juntas vecinales que realizan una labor esforzada en beneficio de sus familias y les inst\u00f3 a seguir por ese camino de lucha y superaci\u00f3n.<\/p>\n<p>La primera autoridad regional de Moquegua, manifest\u00f3 que se ha dado inicio a la conformaci\u00f3n de la Asociaci\u00f3n de Mujeres Autoridades, que tendr\u00e1 como principal desaf\u00edo trabajar las pol\u00edticas nacionales desde los tres niveles de gobierno, en temas de liderazgo, fortalecimiento de capacidades y empoderamiento de las mujeres.<\/p>\n<p>En otro momento, la gobernadora regional reafirm\u00f3 la creaci\u00f3n del programa regional \u201cMujeres Chamba\u201d iniciativa que beneficiar\u00e1 con un empleo temporal a las mujeres de la regi\u00f3n Moquegua, a trav\u00e9s de las diferentes obras de fichas de mantenimiento, cuyo inicio del proyecto est\u00e1 programado para el presente mes.<\/p>\n<p>Previamente, las mujeres asistentes recibieron una charla motivacional a cargo de Claudia del Pozo, gerente del programa Moquegua Emerge con el tema \u201cMecanismos para contribuir al empoderamiento de la mujer\u201d, acto que termin\u00f3 con la entrega de distinciones y reconocimientos a la mujer pesquera, mujer artesanal, mujer emprendedora empresarial y mujeres l\u00edderes con discapacidad.<\/p>\n<p>Las actividades programadas por el Gobierno Regional de Moquegua por el D\u00eda Internacional de la Mujer culminar\u00e1n este mi\u00e9rcoles 8 de marzo, en la provincia de Mariscal Nieto, con el evento que se desarrollar\u00e1 en el auditorio de Gore Moquegua, a partir de las 10 de la ma\u00f1ana.<\/p>\n<p><img loading=\"lazy\" decoding=\"async\" class=\"alignnone size-medium wp-image-126405\" src=\"https:\/\/laregionsur.com\/wp-content\/uploads\/2023\/03\/muj-1-300x200.jpg\" alt=\"\" width=\"300\" height=\"200\" \/> <img loading=\"lazy\" decoding=\"async\" class=\"alignnone size-medium wp-image-126406\" src=\"https:\/\/laregionsur.com\/wp-content\/uploads\/2023\/03\/muj-2-1-300x200.jpg\" alt=\"\" width=\"300\" height=\"200\" \/> <img loading=\"lazy\" decoding=\"async\" class=\"alignnone size-medium wp-image-126407\" src=\"https:\/\/laregionsur.com\/wp-content\/uploads\/2023\/03\/muj-3-300x200.jpg\" alt=\"\" width=\"300\" height=\"200\" \/> <img loading=\"lazy\" decoding=\"async\" class=\"alignnone size-medium wp-image-126408\" src=\"https:\/\/laregionsur.com\/wp-content\/uploads\/2023\/03\/muj-4-1-300x200.jpg\" alt=\"\" width=\"300\" height=\"200\" \/><\/p>\n<p>&nbsp;<\/p>\n<p>&nbsp;<\/p>\n","protected":false},"excerpt":{"rendered":"<p>Mujeres de Ilo recibieron homenaje de Gobernadora Gilia Guti\u00e9rrez &nbsp; &nbsp; Peri\u00f3dico Digital La Regi\u00f3n Sur, 07 marzo 2023.- El Gobierno Regional de Moquegua, a trav\u00e9s de la Gerencia Regional de Desarrollo Social, realiz\u00f3 un merecido homenaje de reconocimiento a las mujeres de la Provincia de Ilo, en v\u00edsperas al D\u00eda Internacional de la Mujer &hellip;<\/p>\n","protected":false},"author":1,"featured_media":126404,"comment_status":"open","ping_status":"open","sticky":false,"template":"","format":"standard","meta":{"footnotes":""},"categories":[56,39],"tags":[],"class_list":["post-126402","post","type-post","status-publish","format-standard","has-post-thumbnail","","category-finance","category-stock-market"],"_links":{"self":[{"href":"https:\/\/laregionsur.com\/index.php?rest_route=\/wp\/v2\/posts\/126402","targetHints":{"allow":["GET"]}}],"collection":[{"href":"https:\/\/laregionsur.com\/index.php?rest_route=\/wp\/v2\/posts"}],"about":[{"href":"https:\/\/laregionsur.com\/index.php?rest_route=\/wp\/v2\/types\/post"}],"author":[{"embeddable":true,"href":"https:\/\/laregionsur.com\/index.php?rest_route=\/wp\/v2\/users\/1"}],"replies":[{"embeddable":true,"href":"https:\/\/laregionsur.com\/index.php?rest_route=%2Fwp%2Fv2%2Fcomments&post=126402"}],"version-history":[{"count":0,"href":"https:\/\/laregionsur.com\/index.php?rest_route=\/wp\/v2\/posts\/126402\/revisions"}],"wp:featuredmedia":[{"embeddable":true,"href":"https:\/\/laregionsur.com\/index.php?rest_route=\/"}],"wp:attachment":[{"href":"https:\/\/laregionsur.com\/index.php?rest_route=%2Fwp%2Fv2%2Fmedia&parent=126402"}],"wp:term":[{"taxonomy":"category","embeddable":true,"href":"https:\/\/laregionsur.com\/index.php?rest_route=%2Fwp%2Fv2%2Fcategories&post=126402"},{"taxonomy":"post_tag","embeddable":true,"href":"https:\/\/laregionsur.com\/index.php?rest_route=%2Fwp%2Fv2%2Ftags&post=126402"}],"curies":[{"name":"wp","href":"https:\/\/api.w.org\/{rel}","templated":true}]}}