{"id":126396,"date":"2023-03-08T01:59:07","date_gmt":"2023-03-08T01:59:07","guid":{"rendered":"https:\/\/laregionsur.com\/?p=126396"},"modified":"2023-03-08T01:59:07","modified_gmt":"2023-03-08T01:59:07","slug":"gobernadora-gilia-gutierrez-entrego-moderna-unidad-movil-a-la-red-de-salud-de-ilo","status":"publish","type":"post","link":"https:\/\/laregionsur.com\/?p=126396","title":{"rendered":"Gobernadora Gilia Guti\u00e9rrez entreg\u00f3 moderna unidad m\u00f3vil a la Red de Salud de Ilo"},"content":{"rendered":"<p>Gobernadora Gilia Guti\u00e9rrez entreg\u00f3<\/p>\n<p>moderna unidad m\u00f3vil a la Red de Salud de Ilo<\/p>\n<p>&nbsp;<\/p>\n<ul>\n<li><strong>En v\u00edsperas de su 34 aniversario.<\/strong><\/li>\n<\/ul>\n<p><strong>\u00a0<\/strong><\/p>\n<p>Peri\u00f3dico Digital La Regi\u00f3n Sur, 07 marzo 2023.-\u00a0 La gobernadora regional Gilia Guti\u00e9rrez entreg\u00f3 una moderna unidad m\u00f3vil a la Red de Salud de Ilo, a trav\u00e9s del \u00abMejoramiento de los servicios de prevenci\u00f3n, diagn\u00f3stico y tratamiento de pacientes con enfermedades infecto contagiosas y enfermedades cr\u00f3nicas no transmisibles en los establecimientos de salud del primer nivel de atenci\u00f3n\u00bb.<\/p>\n<p>&nbsp;<\/p>\n<p>La adquisici\u00f3n de este microb\u00fas optimizar\u00e1 la asistencia a todos los establecimientos de la provincia, as\u00ed como para el traslado, monitoreo y seguimiento de personal a las diversas zonas.<\/p>\n<p>&nbsp;<\/p>\n<p>Con la entrega de esta moderna unidad m\u00f3vil el Gobierno Regional Moquegua concluye al 100 % el proyecto de inversi\u00f3n que comprende tres componentes como son: infraestructura, equipamiento, mobiliario y capacitaci\u00f3n.<\/p>\n<p>&nbsp;<\/p>\n<p>La primera autoridad regional ratific\u00f3 el compromiso de su gesti\u00f3n de culminar todos los proyectos que quedaron pendientes de la gesti\u00f3n anterior, sin ego\u00edsmos ni mezquindades, priorizando las necesidades de la poblaci\u00f3n y cierre de brechas.<\/p>\n<p>&nbsp;<\/p>\n<p>\u201cQueremos que los hermanos del puerto de Ilo, conozcan el trabajo que estamos realizando para reivindicar a Ilo, y existe la voluntad pol\u00edtica y para ello hemos dado grandes pasos haciendo una redistribuci\u00f3n de los presupuestos para culminar los proyectos que quedaron pendientes\u201d, se\u00f1al\u00f3.<\/p>\n<p>Manifest\u00f3, que la prioridad ante los representantes del Gobierno nacional es que Ilo tenga el Hospital II que tanto a\u00f1ora y desde el Gobierno Regional Moquegua estamos trabajando en ello, indic\u00f3.<\/p>\n<p>&nbsp;<\/p>\n<p>El compromiso del Ministerio de Salud, es que ellos van a elaborar el expediente y van a ejecutar el hospital de Ilo, en ese sentido, la semana pasada el director del hospital ha recibido la visita de un alto funcionario del Minsa, y como gobierno regional estamos trabajando en el tema de saneamiento f\u00edsico del terreno, concluy\u00f3.<\/p>\n<p><img loading=\"lazy\" decoding=\"async\" class=\"alignnone size-medium wp-image-126398\" src=\"https:\/\/laregionsur.com\/wp-content\/uploads\/2023\/03\/chej-1-300x200.jpg\" alt=\"\" width=\"300\" height=\"200\" \/> <img loading=\"lazy\" decoding=\"async\" class=\"alignnone size-medium wp-image-126399\" src=\"https:\/\/laregionsur.com\/wp-content\/uploads\/2023\/03\/chej-2-300x200.jpg\" alt=\"\" width=\"300\" height=\"200\" \/><\/p>\n<p>&nbsp;<\/p>\n","protected":false},"excerpt":{"rendered":"<p>Gobernadora Gilia Guti\u00e9rrez entreg\u00f3 moderna unidad m\u00f3vil a la Red de Salud de Ilo &nbsp; En v\u00edsperas de su 34 aniversario. \u00a0 Peri\u00f3dico Digital La Regi\u00f3n Sur, 07 marzo 2023.-\u00a0 La gobernadora regional Gilia Guti\u00e9rrez entreg\u00f3 una moderna unidad m\u00f3vil a la Red de Salud de Ilo, a trav\u00e9s del \u00abMejoramiento de los servicios de &hellip;<\/p>\n","protected":false},"author":1,"featured_media":126397,"comment_status":"open","ping_status":"open","sticky":false,"template":"","format":"standard","meta":{"footnotes":""},"categories":[56,39],"tags":[],"class_list":["post-126396","post","type-post","status-publish","format-standard","has-post-thumbnail","","category-finance","category-stock-market"],"_links":{"self":[{"href":"https:\/\/laregionsur.com\/index.php?rest_route=\/wp\/v2\/posts\/126396","targetHints":{"allow":["GET"]}}],"collection":[{"href":"https:\/\/laregionsur.com\/index.php?rest_route=\/wp\/v2\/posts"}],"about":[{"href":"https:\/\/laregionsur.com\/index.php?rest_route=\/wp\/v2\/types\/post"}],"author":[{"embeddable":true,"href":"https:\/\/laregionsur.com\/index.php?rest_route=\/wp\/v2\/users\/1"}],"replies":[{"embeddable":true,"href":"https:\/\/laregionsur.com\/index.php?rest_route=%2Fwp%2Fv2%2Fcomments&post=126396"}],"version-history":[{"count":0,"href":"https:\/\/laregionsur.com\/index.php?rest_route=\/wp\/v2\/posts\/126396\/revisions"}],"wp:featuredmedia":[{"embeddable":true,"href":"https:\/\/laregionsur.com\/index.php?rest_route=\/"}],"wp:attachment":[{"href":"https:\/\/laregionsur.com\/index.php?rest_route=%2Fwp%2Fv2%2Fmedia&parent=126396"}],"wp:term":[{"taxonomy":"category","embeddable":true,"href":"https:\/\/laregionsur.com\/index.php?rest_route=%2Fwp%2Fv2%2Fcategories&post=126396"},{"taxonomy":"post_tag","embeddable":true,"href":"https:\/\/laregionsur.com\/index.php?rest_route=%2Fwp%2Fv2%2Ftags&post=126396"}],"curies":[{"name":"wp","href":"https:\/\/api.w.org\/{rel}","templated":true}]}}