{"id":126354,"date":"2023-02-28T01:13:34","date_gmt":"2023-02-28T01:13:34","guid":{"rendered":"https:\/\/laregionsur.com\/?p=126354"},"modified":"2023-02-28T01:13:34","modified_gmt":"2023-02-28T01:13:34","slug":"certifican-a-maestros-y-participantes-en-talleres-de-teatro-de-southern-peru","status":"publish","type":"post","link":"https:\/\/laregionsur.com\/?p=126354","title":{"rendered":"CERTIFICAN A MAESTROS Y PARTICIPANTES  EN TALLERES DE TEATRO DE SOUTHERN PER\u00da"},"content":{"rendered":"<p>CERTIFICAN A MAESTROS Y PARTICIPANTES<\/p>\n<p>EN TALLERES DE TEATRO DE SOUTHERN PER\u00da<\/p>\n<p>&nbsp;<\/p>\n<p>Peri\u00f3dico La Regi\u00f3n Sur, 27 febrero 2023.-Docentes y j\u00f3venes de la provincia Mariscal Nieto (Moquegua) fueron certificados luego de concluir exitosamente talleres de formaci\u00f3n para el teatro, promovidos por el programa \u201cYo tengo talento\u201d de Southern Per\u00fa.<\/p>\n<p>La certificaci\u00f3n se efectu\u00f3 en un sencillo acto realizado en el Museo Contisuyo de Moquegua, en el que participaron 22 maestros de educaci\u00f3n b\u00e1sica regular de los niveles primario y secundario, que fueron capacitados gratuitamente en \u201cHerramientas de teatro para la docencia.<\/p>\n<p>Se\u00a0 hizo\u00a0 lo\u00a0 propio\u00a0 con18 j\u00f3venes\u00a0 que asistieron al taller de \u201cIniciaci\u00f3n en teatro\u201d,\u00a0 desarrollado tambi\u00e9n\u00a0 en\u00a0 Moquegua,\u00a0 entre\u00a0 el\u00a0 1\u00a0 y\u00a0 10\u00a0 de\u00a0 febrero.\u00a0\u00a0 Cabe\u00a0 mencionar\u00a0 que ambas\u00a0 capacitaciones estuvieron a cargo de la directora, docente y actriz, Cynthia D\u00e1vila Velarde.<\/p>\n<p>En\u00a0 el\u00a0 caso\u00a0 de\u00a0 los profesores,\u00a0 el\u00a0 taller denominado \u201cHerramientas de teatro para la docencia\u201d desarroll\u00f3 din\u00e1micas\u00a0 y t\u00e9cnicas\u00a0 desde\u00a0 el\u00a0 teatro\u00a0 para\u00a0 mejorar\u00a0 el relacionamiento de\u00a0 maestros\u00a0 y alumnos en el aula. Al t\u00e9rmino los docentes presentaron clases modelo sobre creaci\u00f3n colectiva de obras de teatro.<\/p>\n<p>\u201cHa\u00a0 sido\u00a0 una\u00a0 experiencia\u00a0 nueva\u00a0 para\u00a0 m\u00ed,\u00a0 he\u00a0 aprendido\u00a0 ciertas\u00a0 habilidades, por\u00a0 ejemplo, c\u00f3mo expresarme corporalmente, c\u00f3mo moverme en el escenario y ha sido una experiencia significativa que me ayudar\u00e1 en mi formaci\u00f3n personal y profesional\u201d, se\u00f1al\u00f3 Helly Villalta Apaza, quien particip\u00f3 en la capacitaci\u00f3n.<\/p>\n<p>Por su parte Imelda Rueda Arce destac\u00f3 \u201cFelicito esta iniciativa y espero que no sea la primera. En Moquegua estamos en los primeros lugares a nivel nacional en lo que a educaci\u00f3n se refiere y qu\u00e9 bueno que Southern Per\u00fa est\u00e9 poniendo un granito de arena para que contin\u00fae esto\u201d.<\/p>\n<p>CIERRE TALLER DE INICIACI\u00d3N AL TEATRO<\/p>\n<p>Por su parte el taller de \u201cIniciaci\u00f3n al teatro juvenil\u201d reuni\u00f3 a 18 j\u00f3venes con quienes se trabaj\u00f3 en liderazgo y capacidad creativa. Producto de las capacitaciones los participantes ofrecieron la obra teatro \u201cHistorias Moqueguanas, as\u00ed es mi Per\u00fa\u201d, realizada\u00a0 en\u00a0 el\u00a0 Club\u00a0 Social\u00a0 Moquegua,\u00a0 que\u00a0 tuvo importante acogida.<\/p>\n<p>Como\u00a0 parte\u00a0 de\u00a0 estos\u00a0 aprendizajes\u00a0 se\u00a0 promovi\u00f3\u00a0 tambi\u00e9n\u00a0 el\u00a0 conversatorio \u201cEl teatro Moqueguano din\u00e1micas, resultados y desaf\u00edos\u201d,\u00a0 en\u00a0 el\u00a0 que participaron\u00a0 5\u00a0 grupos\u00a0 moqueguanos de\u00a0 teatro. La actividad se organiz\u00f3 junto a la Fundaci\u00f3n Baluarte.<\/p>\n<p><img loading=\"lazy\" decoding=\"async\" class=\"alignnone size-medium wp-image-126356\" src=\"https:\/\/laregionsur.com\/wp-content\/uploads\/2023\/02\/2-2-300x200.jpg\" alt=\"\" width=\"300\" height=\"200\" \/> <img loading=\"lazy\" decoding=\"async\" class=\"alignnone size-medium wp-image-126357\" src=\"https:\/\/laregionsur.com\/wp-content\/uploads\/2023\/02\/3-1-300x200.jpg\" alt=\"\" width=\"300\" height=\"200\" \/> <img loading=\"lazy\" decoding=\"async\" class=\"alignnone size-medium wp-image-126358\" src=\"https:\/\/laregionsur.com\/wp-content\/uploads\/2023\/02\/4-1-300x200.jpg\" alt=\"\" width=\"300\" height=\"200\" \/> <img loading=\"lazy\" decoding=\"async\" class=\"alignnone size-medium wp-image-126359\" src=\"https:\/\/laregionsur.com\/wp-content\/uploads\/2023\/02\/5-300x200.jpg\" alt=\"\" width=\"300\" height=\"200\" \/> <img loading=\"lazy\" decoding=\"async\" class=\"alignnone size-medium wp-image-126360\" src=\"https:\/\/laregionsur.com\/wp-content\/uploads\/2023\/02\/6-300x200.jpg\" alt=\"\" width=\"300\" height=\"200\" \/> <img loading=\"lazy\" decoding=\"async\" class=\"alignnone size-medium wp-image-126361\" src=\"https:\/\/laregionsur.com\/wp-content\/uploads\/2023\/02\/7-300x200.jpg\" alt=\"\" width=\"300\" height=\"200\" \/><\/p>\n<p>&nbsp;<\/p>\n<p>&nbsp;<\/p>\n","protected":false},"excerpt":{"rendered":"<p>CERTIFICAN A MAESTROS Y PARTICIPANTES EN TALLERES DE TEATRO DE SOUTHERN PER\u00da &nbsp; Peri\u00f3dico La Regi\u00f3n Sur, 27 febrero 2023.-Docentes y j\u00f3venes de la provincia Mariscal Nieto (Moquegua) fueron certificados luego de concluir exitosamente talleres de formaci\u00f3n para el teatro, promovidos por el programa \u201cYo tengo talento\u201d de Southern Per\u00fa. La certificaci\u00f3n se efectu\u00f3 en &hellip;<\/p>\n","protected":false},"author":1,"featured_media":126355,"comment_status":"open","ping_status":"open","sticky":false,"template":"","format":"standard","meta":{"footnotes":""},"categories":[56,39],"tags":[],"class_list":["post-126354","post","type-post","status-publish","format-standard","has-post-thumbnail","","category-finance","category-stock-market"],"_links":{"self":[{"href":"https:\/\/laregionsur.com\/index.php?rest_route=\/wp\/v2\/posts\/126354","targetHints":{"allow":["GET"]}}],"collection":[{"href":"https:\/\/laregionsur.com\/index.php?rest_route=\/wp\/v2\/posts"}],"about":[{"href":"https:\/\/laregionsur.com\/index.php?rest_route=\/wp\/v2\/types\/post"}],"author":[{"embeddable":true,"href":"https:\/\/laregionsur.com\/index.php?rest_route=\/wp\/v2\/users\/1"}],"replies":[{"embeddable":true,"href":"https:\/\/laregionsur.com\/index.php?rest_route=%2Fwp%2Fv2%2Fcomments&post=126354"}],"version-history":[{"count":0,"href":"https:\/\/laregionsur.com\/index.php?rest_route=\/wp\/v2\/posts\/126354\/revisions"}],"wp:featuredmedia":[{"embeddable":true,"href":"https:\/\/laregionsur.com\/index.php?rest_route=\/"}],"wp:attachment":[{"href":"https:\/\/laregionsur.com\/index.php?rest_route=%2Fwp%2Fv2%2Fmedia&parent=126354"}],"wp:term":[{"taxonomy":"category","embeddable":true,"href":"https:\/\/laregionsur.com\/index.php?rest_route=%2Fwp%2Fv2%2Fcategories&post=126354"},{"taxonomy":"post_tag","embeddable":true,"href":"https:\/\/laregionsur.com\/index.php?rest_route=%2Fwp%2Fv2%2Ftags&post=126354"}],"curies":[{"name":"wp","href":"https:\/\/api.w.org\/{rel}","templated":true}]}}