{"id":126276,"date":"2023-02-22T00:01:03","date_gmt":"2023-02-22T00:01:03","guid":{"rendered":"https:\/\/laregionsur.com\/?p=126276"},"modified":"2023-02-22T00:01:03","modified_gmt":"2023-02-22T00:01:03","slug":"gobernadora-gilia-gutierrez-dio-bienvenida-a-jovenes-que-realizaran-practicas-profesionales-en-gore-moquegua","status":"publish","type":"post","link":"https:\/\/laregionsur.com\/?p=126276","title":{"rendered":"Gobernadora Gilia Guti\u00e9rrez dio bienvenida a j\u00f3venes que realizar\u00e1n pr\u00e1cticas profesionales en Gore Moquegua"},"content":{"rendered":"<p>Gobernadora Gilia Guti\u00e9rrez dio bienvenida a j\u00f3venes que realizar\u00e1n pr\u00e1cticas profesionales en Gore Moquegua<\/p>\n<p><strong>\u00a0<\/strong><\/p>\n<ul>\n<li><strong>Son 50 j\u00f3venes que desempe\u00f1ar\u00e1n <\/strong><strong>funciones en diferentes \u00e1reas <\/strong><\/li>\n<\/ul>\n<p><strong>\u00a0<\/strong><\/p>\n<p>Peri\u00f3dico Digital La Regi\u00f3n Sur, Ilo febrero,2023.- La gobernadora Gilia Guti\u00e9rrez, les dio la bienvenida a los 50 j\u00f3venes que realizar\u00e1n sus pr\u00e1cticas profesionales en la sede del Gobierno Regional de Moquegua, para realizar funciones en los diversos \u00f3rganos y\/o unidades org\u00e1nicas de la instituci\u00f3n gubernamental durante un plazo de tres meses, por la que percibir\u00e1n una subvenci\u00f3n econ\u00f3mica de S\/ 1025.00 los profesionales y S\/ 768.75 los preprofesionales.<\/p>\n<p>La gobernadora Gilia Guti\u00e9rrez, manifest\u00f3 que su gesti\u00f3n ha cumplido su promesa que hizo con los j\u00f3venes en dar esta oportunidad laboral a trav\u00e9s de las pr\u00e1cticas profesionales y preprofesionales que promueve su gesti\u00f3n.<\/p>\n<p>\u201cNosotros hicimos una convocatoria para 73 plazas de las cuales 50 han sido cubiertas hoy por ustedes, y en ese prop\u00f3sito cada tres meses volveremos a convocar las pr\u00e1cticas para que sigan ingresando m\u00e1s j\u00f3venes para seguir aprendiendo en el sector p\u00fablico\u201d, se\u00f1al\u00f3.<\/p>\n<p>\u201cEste es un reto para ustedes, al igual que para m\u00ed es un reto liderar los destinos de la regi\u00f3n Moquegua, como mujer y como joven estoy comprometida para hacer bien las cosas, en esa l\u00ednea asumamos todos, ese compromiso de trabajo\u201d, recalc\u00f3.<\/p>\n<p>&nbsp;<\/p>\n<p><img loading=\"lazy\" decoding=\"async\" class=\"alignnone size-medium wp-image-126278\" src=\"https:\/\/laregionsur.com\/wp-content\/uploads\/2023\/02\/go-1-1-300x200.jpg\" alt=\"\" width=\"300\" height=\"200\" \/> <img loading=\"lazy\" decoding=\"async\" class=\"alignnone size-medium wp-image-126279\" src=\"https:\/\/laregionsur.com\/wp-content\/uploads\/2023\/02\/go-2-300x200.jpg\" alt=\"\" width=\"300\" height=\"200\" \/> <img loading=\"lazy\" decoding=\"async\" class=\"alignnone size-medium wp-image-126280\" src=\"https:\/\/laregionsur.com\/wp-content\/uploads\/2023\/02\/go-3-300x200.jpg\" alt=\"\" width=\"300\" height=\"200\" \/><\/p>\n<p>&nbsp;<\/p>\n<p>&nbsp;<\/p>\n","protected":false},"excerpt":{"rendered":"<p>Gobernadora Gilia Guti\u00e9rrez dio bienvenida a j\u00f3venes que realizar\u00e1n pr\u00e1cticas profesionales en Gore Moquegua \u00a0 Son 50 j\u00f3venes que desempe\u00f1ar\u00e1n funciones en diferentes \u00e1reas \u00a0 Peri\u00f3dico Digital La Regi\u00f3n Sur, Ilo febrero,2023.- La gobernadora Gilia Guti\u00e9rrez, les dio la bienvenida a los 50 j\u00f3venes que realizar\u00e1n sus pr\u00e1cticas profesionales en la sede del Gobierno Regional &hellip;<\/p>\n","protected":false},"author":1,"featured_media":126277,"comment_status":"open","ping_status":"open","sticky":false,"template":"","format":"standard","meta":{"footnotes":""},"categories":[56,39],"tags":[],"class_list":["post-126276","post","type-post","status-publish","format-standard","has-post-thumbnail","","category-finance","category-stock-market"],"_links":{"self":[{"href":"https:\/\/laregionsur.com\/index.php?rest_route=\/wp\/v2\/posts\/126276","targetHints":{"allow":["GET"]}}],"collection":[{"href":"https:\/\/laregionsur.com\/index.php?rest_route=\/wp\/v2\/posts"}],"about":[{"href":"https:\/\/laregionsur.com\/index.php?rest_route=\/wp\/v2\/types\/post"}],"author":[{"embeddable":true,"href":"https:\/\/laregionsur.com\/index.php?rest_route=\/wp\/v2\/users\/1"}],"replies":[{"embeddable":true,"href":"https:\/\/laregionsur.com\/index.php?rest_route=%2Fwp%2Fv2%2Fcomments&post=126276"}],"version-history":[{"count":0,"href":"https:\/\/laregionsur.com\/index.php?rest_route=\/wp\/v2\/posts\/126276\/revisions"}],"wp:featuredmedia":[{"embeddable":true,"href":"https:\/\/laregionsur.com\/index.php?rest_route=\/"}],"wp:attachment":[{"href":"https:\/\/laregionsur.com\/index.php?rest_route=%2Fwp%2Fv2%2Fmedia&parent=126276"}],"wp:term":[{"taxonomy":"category","embeddable":true,"href":"https:\/\/laregionsur.com\/index.php?rest_route=%2Fwp%2Fv2%2Fcategories&post=126276"},{"taxonomy":"post_tag","embeddable":true,"href":"https:\/\/laregionsur.com\/index.php?rest_route=%2Fwp%2Fv2%2Ftags&post=126276"}],"curies":[{"name":"wp","href":"https:\/\/api.w.org\/{rel}","templated":true}]}}