{"id":126200,"date":"2023-02-17T00:24:15","date_gmt":"2023-02-17T00:24:15","guid":{"rendered":"https:\/\/laregionsur.com\/?p=126200"},"modified":"2023-02-17T00:24:15","modified_gmt":"2023-02-17T00:24:15","slug":"unam-y-el-m-p-desarrollan-charlas-preventivas-para-evitar-que-postulantes-sean-captados-por-posibles-mafias-en-examenes-de-admision","status":"publish","type":"post","link":"https:\/\/laregionsur.com\/?p=126200","title":{"rendered":"UNAM Y EL M.P. DESARROLLAN CHARLAS PREVENTIVAS PARA EVITAR QUE  POSTULANTES SEAN CAPTADOS POR POSIBLES MAFIAS EN EX\u00c1MENES DE ADMISI\u00d3N"},"content":{"rendered":"<p><span id=\"page3R_mcid6\" class=\"markedContent\"><span dir=\"ltr\" role=\"presentation\">UNAM Y EL M.P. <\/span><span dir=\"ltr\" role=\"presentation\">DESARROLLAN CHARLA<\/span><span dir=\"ltr\" role=\"presentation\">S<\/span> <span dir=\"ltr\" role=\"presentation\">PREVENTIVA<\/span><span dir=\"ltr\" role=\"presentation\">S<\/span> <span dir=\"ltr\" role=\"presentation\">PARA EVITAR <\/span><span dir=\"ltr\" role=\"presentation\">QUE <\/span><\/span><\/p>\n<p><span id=\"page3R_mcid6\" class=\"markedContent\"><span dir=\"ltr\" role=\"presentation\">POSTULANTES SEAN CAPTADOS POR POSIBLES MAFIAS EN <\/span><span dir=\"ltr\" role=\"presentation\">EX\u00c1MENES DE ADMISI\u00d3N<\/span><\/span><\/p>\n<p><span id=\"page3R_mcid7\" class=\"markedContent\"><\/span><span id=\"page3R_mcid8\" class=\"markedContent\"><br role=\"presentation\" \/><span dir=\"ltr\" role=\"presentation\">Peri\u00f3dico Digital La Regi\u00f3n Sur, 16 febrero 1013.- La Universidad Nacional de Moquegua (UNAM) y el Ministerio P\u00fablico del Distrito<\/span><br role=\"presentation\" \/><span dir=\"ltr\" role=\"presentation\">Fiscal de Moquegua, a trav\u00e9s del fiscal provincial de la Fiscal\u00eda Especializada en<\/span><br role=\"presentation\" \/><span dir=\"ltr\" role=\"presentation\">Preve<\/span><span dir=\"ltr\" role=\"presentation\">nci\u00f3n del Delito de Mariscal Nieto, Dr. Manuel Bernedo Danz; el fiscal provincial<\/span><br role=\"presentation\" \/><span dir=\"ltr\" role=\"presentation\">de la Fiscal\u00eda Corporativa Especializada en Delitos de Corrupci\u00f3n de Funcionarios de<\/span><br role=\"presentation\" \/><span dir=\"ltr\" role=\"presentation\">Moquegua,<\/span> <span dir=\"ltr\" role=\"presentation\">Dr. V\u00edctor Mu\u00f1oz Leyva<\/span><span dir=\"ltr\" role=\"presentation\">; y el fiscal Anticorrupci\u00f3n, Dr.<\/span> <span dir=\"ltr\" role=\"presentation\">Ronald M\u00e1rquez<\/span><br role=\"presentation\" \/><span dir=\"ltr\" role=\"presentation\">Saira<\/span><span dir=\"ltr\" role=\"presentation\">,<\/span> <span dir=\"ltr\" role=\"presentation\">d<\/span><span dir=\"ltr\" role=\"presentation\">esarrollaron<\/span> <span dir=\"ltr\" role=\"presentation\">las<\/span> <span dir=\"ltr\" role=\"presentation\">charla<\/span><span dir=\"ltr\" role=\"presentation\">s<\/span> <span dir=\"ltr\" role=\"presentation\">preventiva<\/span><span dir=\"ltr\" role=\"presentation\">s<\/span> <span dir=\"ltr\" role=\"presentation\">respecto a las posibles mafias en ex\u00e1menes de<\/span><br role=\"presentation\" \/><span dir=\"ltr\" role=\"presentation\">admisi\u00f3n<\/span> <span dir=\"ltr\" role=\"presentation\">dirigidas<\/span> <span dir=\"ltr\" role=\"presentation\">al alumnado<\/span> <span dir=\"ltr\" role=\"presentation\">del Centro de Estudios Preuniversitarios de la UNAM<\/span><br role=\"presentation\" \/><span dir=\"ltr\" role=\"presentation\">para evitar que sean captados por estas organizaciones criminales<\/span><span dir=\"ltr\" role=\"presentation\">.<\/span> <span dir=\"ltr\" role=\"presentation\">Adem\u00e1s, las charlas<\/span><br role=\"presentation\" \/><span dir=\"ltr\" role=\"presentation\">t<\/span><span dir=\"ltr\" role=\"presentation\">uvieron<\/span> <span dir=\"ltr\" role=\"presentation\">como prop\u00f3sito que los postulantes interioricen las consecuencias<\/span> <span dir=\"ltr\" role=\"presentation\">de incurrir en<\/span><br role=\"presentation\" \/><span dir=\"ltr\" role=\"presentation\">conductas delictivas<\/span><span dir=\"ltr\" role=\"presentation\">,<\/span> <span dir=\"ltr\" role=\"presentation\">tambi\u00e9n brindar informaci\u00f3n sobre el cumplimiento de la<\/span> <span dir=\"ltr\" role=\"presentation\">ley y<\/span><br role=\"presentation\" \/><span dir=\"ltr\" role=\"presentation\">advertir<\/span> <span dir=\"ltr\" role=\"presentation\">sobre las consecuencias de incurrir en estos delitos que son sancionados con<\/span><br role=\"presentation\" \/><span dir=\"ltr\" role=\"presentation\">penas privativas de la libertad<\/span> <span dir=\"ltr\" role=\"presentation\">de<\/span> <span dir=\"ltr\" role=\"presentation\">seis a\u00f1os<\/span> <span dir=\"ltr\" role=\"presentation\">a m\u00e1s<\/span><span dir=\"ltr\" role=\"presentation\">.<\/span><\/span><span id=\"page3R_mcid9\" class=\"markedContent\"><\/span><span id=\"page3R_mcid10\" class=\"markedContent\"><\/span><span id=\"page3R_mcid11\" class=\"markedContent\"><\/span><span id=\"page3R_mcid12\" class=\"markedContent\"><br role=\"presentation\" \/><span dir=\"ltr\" role=\"presentation\">Asimismo<\/span><span dir=\"ltr\" role=\"presentation\">, es importante subrayar que estas acciones interinstitucionales buscan evitar<\/span><br role=\"presentation\" \/><span dir=\"ltr\" role=\"presentation\">que los postulantes a n<\/span><span dir=\"ltr\" role=\"presentation\">uestros futuros ex\u00e1menes de admisi\u00f3n, recurran o sean captados<\/span><br role=\"presentation\" \/><span dir=\"ltr\" role=\"presentation\">por mafias externas que cobrar\u00edan para que dichos postulantes accedan con aparatos<\/span><br role=\"presentation\" \/><span dir=\"ltr\" role=\"presentation\">electr\u00f3nicos sofisticados a las preguntas e inmediatamente resolver el examen de<\/span><br role=\"presentation\" \/><span dir=\"ltr\" role=\"presentation\">admisi\u00f3n.<\/span><\/span><span id=\"page3R_mcid13\" class=\"markedContent\"><\/span><span id=\"page3R_mcid14\" class=\"markedContent\"><\/span><span id=\"page3R_mcid15\" class=\"markedContent\"><\/span><span id=\"page3R_mcid16\" class=\"markedContent\"><br role=\"presentation\" \/><span dir=\"ltr\" role=\"presentation\">Por su parte, el v<\/span><span dir=\"ltr\" role=\"presentation\">icepresidente Acad\u00e9mico de la UNAM, Dr. \u00c1ngel Canales Guti\u00e9rrez,<\/span><br role=\"presentation\" \/><span dir=\"ltr\" role=\"presentation\">resalt\u00f3 la importancia de que la juventud persiga sus sue\u00f1os, pero no por la v\u00eda del<\/span><br role=\"presentation\" \/><span dir=\"ltr\" role=\"presentation\">facilismo sino mediante el esfuerzo y dedicaci\u00f3n. De la misma manera, enfatiz\u00f3 que la<\/span><br role=\"presentation\" \/><span dir=\"ltr\" role=\"presentation\">UNAM se viene prepar<\/span><span dir=\"ltr\" role=\"presentation\">ando con la adquisici\u00f3n de herramientas tecnol\u00f3gicas para que en<\/span><br role=\"presentation\" \/><span dir=\"ltr\" role=\"presentation\">los pr\u00f3ximos ex\u00e1menes de admisi\u00f3n no existan organismos delincuenciales que intenten<\/span><br role=\"presentation\" \/><span dir=\"ltr\" role=\"presentation\">resquebrajar las medidas de seguridad<\/span> <span dir=\"ltr\" role=\"presentation\">de dichos procesos<\/span><span dir=\"ltr\" role=\"presentation\">.<\/span><\/span><\/p>\n<p><img loading=\"lazy\" decoding=\"async\" class=\"alignnone size-medium wp-image-126202\" src=\"https:\/\/laregionsur.com\/wp-content\/uploads\/2023\/02\/un-1-300x200.jpg\" alt=\"\" width=\"300\" height=\"200\" \/> <img loading=\"lazy\" decoding=\"async\" class=\"alignnone size-medium wp-image-126203\" src=\"https:\/\/laregionsur.com\/wp-content\/uploads\/2023\/02\/un-2-1-300x200.jpg\" alt=\"\" width=\"300\" height=\"200\" \/><\/p>\n","protected":false},"excerpt":{"rendered":"<p>UNAM Y EL M.P. DESARROLLAN CHARLAS PREVENTIVAS PARA EVITAR QUE POSTULANTES SEAN CAPTADOS POR POSIBLES MAFIAS EN EX\u00c1MENES DE ADMISI\u00d3N Peri\u00f3dico Digital La Regi\u00f3n Sur, 16 febrero 1013.- La Universidad Nacional de Moquegua (UNAM) y el Ministerio P\u00fablico del DistritoFiscal de Moquegua, a trav\u00e9s del fiscal provincial de la Fiscal\u00eda Especializada enPrevenci\u00f3n del Delito de &hellip;<\/p>\n","protected":false},"author":1,"featured_media":126201,"comment_status":"open","ping_status":"open","sticky":false,"template":"","format":"standard","meta":{"footnotes":""},"categories":[56,39],"tags":[],"class_list":["post-126200","post","type-post","status-publish","format-standard","has-post-thumbnail","","category-finance","category-stock-market"],"_links":{"self":[{"href":"https:\/\/laregionsur.com\/index.php?rest_route=\/wp\/v2\/posts\/126200","targetHints":{"allow":["GET"]}}],"collection":[{"href":"https:\/\/laregionsur.com\/index.php?rest_route=\/wp\/v2\/posts"}],"about":[{"href":"https:\/\/laregionsur.com\/index.php?rest_route=\/wp\/v2\/types\/post"}],"author":[{"embeddable":true,"href":"https:\/\/laregionsur.com\/index.php?rest_route=\/wp\/v2\/users\/1"}],"replies":[{"embeddable":true,"href":"https:\/\/laregionsur.com\/index.php?rest_route=%2Fwp%2Fv2%2Fcomments&post=126200"}],"version-history":[{"count":0,"href":"https:\/\/laregionsur.com\/index.php?rest_route=\/wp\/v2\/posts\/126200\/revisions"}],"wp:featuredmedia":[{"embeddable":true,"href":"https:\/\/laregionsur.com\/index.php?rest_route=\/"}],"wp:attachment":[{"href":"https:\/\/laregionsur.com\/index.php?rest_route=%2Fwp%2Fv2%2Fmedia&parent=126200"}],"wp:term":[{"taxonomy":"category","embeddable":true,"href":"https:\/\/laregionsur.com\/index.php?rest_route=%2Fwp%2Fv2%2Fcategories&post=126200"},{"taxonomy":"post_tag","embeddable":true,"href":"https:\/\/laregionsur.com\/index.php?rest_route=%2Fwp%2Fv2%2Ftags&post=126200"}],"curies":[{"name":"wp","href":"https:\/\/api.w.org\/{rel}","templated":true}]}}