{"id":126150,"date":"2023-02-14T22:12:48","date_gmt":"2023-02-14T22:12:48","guid":{"rendered":"https:\/\/laregionsur.com\/?p=126150"},"modified":"2023-02-14T22:12:48","modified_gmt":"2023-02-14T22:12:48","slug":"eps-ilo-brindara-asistencia-tecnica-para-garantizar-prestacion-del-servicio-de-agua-potable-y-alcantarillado-en-colegios","status":"publish","type":"post","link":"https:\/\/laregionsur.com\/?p=126150","title":{"rendered":"EPS Ilo brindar\u00e1 asistencia t\u00e9cnica para garantizar prestaci\u00f3n del servicio de agua potable y alcantarillado en colegios"},"content":{"rendered":"<p>EPS Ilo brindar\u00e1 asistencia t\u00e9cnica para garantizar prestaci\u00f3n del servicio de agua potable y alcantarillado en colegios<\/p>\n<p>* La empresa firm\u00f3 importante convenio de cooperaci\u00f3n interinstitucional con la UGEL Ilo en beneficio de miles de estudiantes<\/p>\n<p>Peri\u00f3dico Digital La Regi\u00f3n Sur, 14 febrero 2023. \u2013 Un importante convenio de cooperaci\u00f3n interinstitucional suscribieron la EPS Ilo y la UGEL, a trav\u00e9s del cual la empresa de saneamiento brindar\u00e1 asistencia t\u00e9cnica para garantizar la adecuada prestaci\u00f3n del servicio de agua potable y alcantarillado en los colegios de la provincia, en beneficio de miles de estudiantes.<br \/>\nEn cumplimiento de este acuerdo, la empresa iniciar\u00e1 una serie de inspecciones t\u00e9cnicas a las instalaciones sanitarias de las instituciones educativas, a fin de detectar cualquier inconveniente en los servicios, como posibles fugas visibles y no visibles, diagn\u00f3stico que remitir\u00e1 a la autoridad educativa para que sean reparadas antes de iniciar el a\u00f1o escolar. Las inspecciones se realizar\u00e1n en fechas previstas en coordinaci\u00f3n con la Ugel y durante todo el a\u00f1o.<br \/>\nCabe resaltar que la firma del convenio, que tuvo como representantes de la EPS Ilo a la gerente general CPC Solange Agramonte Flores y de la UGEL, a su director Prof. Oswaldo Roque Nina, se efectu\u00f3 en el marco del \u201cI Encuentro Provincial con aliados estrat\u00e9gicos para la mejora de los aprendizajes en la Ugel Ilo \u2013 Rumbo al \u00c9xito\u201d, organizado por la entidad educativa.<br \/>\n**Promover\u00e1 Agua Clases**<br \/>\nOtro de los objetivos del convenio ser\u00e1 incentivar y fomentar entre los escolares el uso responsable del agua potable y el alcantarillado, as\u00ed como valorar los servicios de saneamiento. Tambi\u00e9n se promover\u00e1 la participaci\u00f3n de los estudiantes de las diferentes instituciones educativas de Ilo en la iniciativa nacional de Educaci\u00f3n Sanitaria \u201cAgua Clases\u201d, que impulsa el Ministerio de Vivienda, a trav\u00e9s del Otass y la EPS.<br \/>\nHay que resaltar que mediante esta iniciativa se viene impartiendo la capacitaci\u00f3n, de forma gratuita, entre estudiantes de primaria, secundaria y j\u00f3venes, as\u00ed como de personal de la instituci\u00f3n educativa e incluso adultos, proyectando material audiovisual que les permite aprender acerca de la potabilizaci\u00f3n del agua potable, el uso de las aguas residuales, entre otros temas referidos al saneamiento.<br \/>\nDe esta forma la EPS Ilo reitera su compromiso de fomentar el cuidado del agua y el alcantarillado mediante su uso responsable, as\u00ed como la valoraci\u00f3n de los servicios de saneamiento.<\/p>\n","protected":false},"excerpt":{"rendered":"<p>EPS Ilo brindar\u00e1 asistencia t\u00e9cnica para garantizar prestaci\u00f3n del servicio de agua potable y alcantarillado en colegios * La empresa firm\u00f3 importante convenio de cooperaci\u00f3n interinstitucional con la UGEL Ilo en beneficio de miles de estudiantes Peri\u00f3dico Digital La Regi\u00f3n Sur, 14 febrero 2023. \u2013 Un importante convenio de cooperaci\u00f3n interinstitucional suscribieron la EPS Ilo &hellip;<\/p>\n","protected":false},"author":1,"featured_media":126151,"comment_status":"open","ping_status":"open","sticky":false,"template":"","format":"standard","meta":{"footnotes":""},"categories":[56,39],"tags":[],"class_list":["post-126150","post","type-post","status-publish","format-standard","has-post-thumbnail","","category-finance","category-stock-market"],"_links":{"self":[{"href":"https:\/\/laregionsur.com\/index.php?rest_route=\/wp\/v2\/posts\/126150","targetHints":{"allow":["GET"]}}],"collection":[{"href":"https:\/\/laregionsur.com\/index.php?rest_route=\/wp\/v2\/posts"}],"about":[{"href":"https:\/\/laregionsur.com\/index.php?rest_route=\/wp\/v2\/types\/post"}],"author":[{"embeddable":true,"href":"https:\/\/laregionsur.com\/index.php?rest_route=\/wp\/v2\/users\/1"}],"replies":[{"embeddable":true,"href":"https:\/\/laregionsur.com\/index.php?rest_route=%2Fwp%2Fv2%2Fcomments&post=126150"}],"version-history":[{"count":0,"href":"https:\/\/laregionsur.com\/index.php?rest_route=\/wp\/v2\/posts\/126150\/revisions"}],"wp:featuredmedia":[{"embeddable":true,"href":"https:\/\/laregionsur.com\/index.php?rest_route=\/"}],"wp:attachment":[{"href":"https:\/\/laregionsur.com\/index.php?rest_route=%2Fwp%2Fv2%2Fmedia&parent=126150"}],"wp:term":[{"taxonomy":"category","embeddable":true,"href":"https:\/\/laregionsur.com\/index.php?rest_route=%2Fwp%2Fv2%2Fcategories&post=126150"},{"taxonomy":"post_tag","embeddable":true,"href":"https:\/\/laregionsur.com\/index.php?rest_route=%2Fwp%2Fv2%2Ftags&post=126150"}],"curies":[{"name":"wp","href":"https:\/\/api.w.org\/{rel}","templated":true}]}}