{"id":126140,"date":"2023-02-13T13:59:40","date_gmt":"2023-02-13T13:59:40","guid":{"rendered":"https:\/\/laregionsur.com\/?p=126140"},"modified":"2023-02-13T13:59:40","modified_gmt":"2023-02-13T13:59:40","slug":"personal-de-la-unam-participa-en-actividad-de-proyeccion-social-para-incentivar-la-limpieza-y-conservacion-de-nuestras-playas","status":"publish","type":"post","link":"https:\/\/laregionsur.com\/?p=126140","title":{"rendered":"PERSONAL DE LA UNAM PARTICIPA EN ACTIVIDAD DE PROYECCI\u00d3N SOCIAL PARA INCENTIVAR LA LIMPIEZA Y CONSERVACI\u00d3N DE NUESTRAS PLAYAS"},"content":{"rendered":"<p>La Universidad Nacional de Moquegua (UNAM), mediante sus trabajadores, llev\u00f3 a cabo la actividad anual que obedece a un plan de trabajo aprobado con resoluci\u00f3n de Comisi\u00f3n Organizadora N\u00b0070-2023-UNAM, denominada \u201cALEJANDO EL ESTR\u00c9S LABORAL E INCENTIVAR LA LIMPIEZA Y CONSERVACI\u00d3N DE NUESTRAS PLAYAS\u201d, espec\u00edficamente en la playa Pozo de Lisas en la provincia de Ilo, con la finalidad de mejorar la realidad pr\u00f3xima, fomentando el cuidado y conservaci\u00f3n de nuestro litoral; adem\u00e1s de mejorar las perspectivas biopsicosociales de los trabajadores de nuestra casa superior de estudios.<\/p>\n<p>De igual manera, este plan de trabajo es una actividad que se organiza con antelaci\u00f3n por la Unidad de Salud de Bienestar Universitario en coordinaci\u00f3n con la Oficina de Extensi\u00f3n y Proyecci\u00f3n Universitaria; tambi\u00e9n es importante resaltar que esta activad en a\u00f1os anteriores se desarroll\u00f3 buscando el \u00fanico fin de la LIMPIEZA, CUIDADO Y CONSERVACI\u00d3N de nuestras playas.<\/p>\n<p>&nbsp;<\/p>\n<p>Asimismo, es importante se\u00f1alar que nuestra sociedad requiere de todos los medios necesarios y profesionales que est\u00e9n comprendidos en el logro de la salud mental y calidad de vida; como tambi\u00e9n la contaminaci\u00f3n por pl\u00e1sticos en nuestros mares es un problema monumental con consecuencias globales. Sin embargo, el compromiso p\u00fablico es crucial para alentar el cambio de comportamiento ante esta situaci\u00f3n cr\u00edtica; y es por ello que los trabajadores de la UNAM, tanto de la sede Moquegua como de la filial Ilo, realizaron la actividad de proyecci\u00f3n social al retirar desechos s\u00f3lidos de la playa Pozo de Lisas en Ilo y posteriormente depositarlos en un vertedero, lo cual restar\u00eda un art\u00edculo peligroso para las aves, peces o ba\u00f1istas. No se puede negar el hecho de que estas limpiezas voluntarias protegen la vida mar\u00edtima, crean un impulso, aumentan la conciencia y salvan los h\u00e1bitats amenazados<\/p>\n","protected":false},"excerpt":{"rendered":"<p>La Universidad Nacional de Moquegua (UNAM), mediante sus trabajadores, llev\u00f3 a cabo la actividad anual que obedece a un plan de trabajo aprobado con resoluci\u00f3n de Comisi\u00f3n Organizadora N\u00b0070-2023-UNAM, denominada \u201cALEJANDO EL ESTR\u00c9S LABORAL E INCENTIVAR LA LIMPIEZA Y CONSERVACI\u00d3N DE NUESTRAS PLAYAS\u201d, espec\u00edficamente en la playa Pozo de Lisas en la provincia de Ilo, &hellip;<\/p>\n","protected":false},"author":1,"featured_media":126143,"comment_status":"open","ping_status":"open","sticky":false,"template":"","format":"standard","meta":{"footnotes":""},"categories":[61,56,39],"tags":[],"class_list":["post-126140","post","type-post","status-publish","format-standard","has-post-thumbnail","","category-arequipa","category-finance","category-stock-market"],"_links":{"self":[{"href":"https:\/\/laregionsur.com\/index.php?rest_route=\/wp\/v2\/posts\/126140","targetHints":{"allow":["GET"]}}],"collection":[{"href":"https:\/\/laregionsur.com\/index.php?rest_route=\/wp\/v2\/posts"}],"about":[{"href":"https:\/\/laregionsur.com\/index.php?rest_route=\/wp\/v2\/types\/post"}],"author":[{"embeddable":true,"href":"https:\/\/laregionsur.com\/index.php?rest_route=\/wp\/v2\/users\/1"}],"replies":[{"embeddable":true,"href":"https:\/\/laregionsur.com\/index.php?rest_route=%2Fwp%2Fv2%2Fcomments&post=126140"}],"version-history":[{"count":0,"href":"https:\/\/laregionsur.com\/index.php?rest_route=\/wp\/v2\/posts\/126140\/revisions"}],"wp:featuredmedia":[{"embeddable":true,"href":"https:\/\/laregionsur.com\/index.php?rest_route=\/"}],"wp:attachment":[{"href":"https:\/\/laregionsur.com\/index.php?rest_route=%2Fwp%2Fv2%2Fmedia&parent=126140"}],"wp:term":[{"taxonomy":"category","embeddable":true,"href":"https:\/\/laregionsur.com\/index.php?rest_route=%2Fwp%2Fv2%2Fcategories&post=126140"},{"taxonomy":"post_tag","embeddable":true,"href":"https:\/\/laregionsur.com\/index.php?rest_route=%2Fwp%2Fv2%2Ftags&post=126140"}],"curies":[{"name":"wp","href":"https:\/\/api.w.org\/{rel}","templated":true}]}}