{"id":126090,"date":"2023-02-09T22:27:28","date_gmt":"2023-02-09T22:27:28","guid":{"rendered":"https:\/\/laregionsur.com\/?p=126090"},"modified":"2023-02-09T22:27:28","modified_gmt":"2023-02-09T22:27:28","slug":"exjuez-de-la-corte-idh-el-golpe-de-pedro-castillo-seria-motivo-de-juicio-politico-pero-no-es-delito","status":"publish","type":"post","link":"https:\/\/laregionsur.com\/?p=126090","title":{"rendered":"Exjuez de la Corte IDH: \u00abEl golpe de  Pedro Castillo ser\u00eda motivo de juicio pol\u00edtico, pero no es delito\u00bb"},"content":{"rendered":"<p>Eugenio Zaffaroni, exjuez de la Corte IDH: \u00abEl golpe de<\/p>\n<p>Pedro Castillo ser\u00eda motivo de juicio pol\u00edtico, pero no es delito\u00bb<\/p>\n<p>&nbsp;<\/p>\n<p>Peri\u00f3dico Digital La Regi\u00f3n Sur, 9 febrero 2023.- \u00a0El reconocido jurista Eugenio Zaffaroni tambi\u00e9n afirm\u00f3 que \u201cest\u00e1n usando\u201d a Dina Boluarte. \u201cEse d\u00eda que le suelten la mano ella va a responder por los 60 muertos\u201d, dijo.<\/p>\n<p>El exjuez de la Corte Interamericana de Derechos Humanos (Corte IDH), Eugenio Ra\u00fal Zaffaroni, asegur\u00f3 que el expresidente Pedro Castillo tuvo que haber respondido por el intento de golpe de Estado en un juicio pol\u00edtico. Consider\u00f3 que el exmandatario no tuvo que ser procesado por el presunto delito de rebeli\u00f3n, ya que no se alz\u00f3 en armas.<\/p>\n<p>\u201cCastillo estaba a punto de ser destituido de alguna manera. Hay una causal que tiene la Constituci\u00f3n peruana que es realmente muy extra\u00f1a: una incapacidad moral. Hizo un discurso en el que dispon\u00eda la disoluci\u00f3n del Parlamento y la convocatoria a elecciones. Hoy est\u00e1 privado de libertad, est\u00e1 procesado por rebeli\u00f3n. El delito de rebeli\u00f3n requiere alzarse en armas, Castillo no tiene armas\u201d, dijo en entrevista con el canal Arte Agora.<\/p>\n<p>En ese sentido, Zaffaroni afirm\u00f3: \u201cDicho fuera de contexto da la impresi\u00f3n de que Pedro Castillo Terrones s\u00ed quer\u00eda alterar el orden de la misma forma en la que lo hab\u00eda hecho Fujimori hace 30 a\u00f1os\u201d.<\/p>\n<p>\u201cSi lo vemos en contexto, Castillo no ten\u00eda apoyo de las FF. AA. ni de nadie. Quiz\u00e1 le habr\u00e1n hecho creer que ten\u00eda el apoyo de alguien, pero, inmediatamente (despu\u00e9s de) que pronuncia ese discurso y sale de Palacio de Gobierno, lo detiene su propia custodia. La conducta que llev\u00f3 a cabo s\u00ed ser\u00eda motivo de juicio pol\u00edtico, impeachment, una destituci\u00f3n pol\u00edtica, pero no es un delito. No lo veo como un delito porque no hubo ning\u00fan alzamiento en armas\u201d, agreg\u00f3 el reconocido jurista argentino.<\/p>\n<p>EUGENIO ZAFFARONI SOBRE DINA BOLUARTE: \u201cCREE QUE TIENE EL PODER\u201d<\/p>\n<p>En otro punto de sus declaraciones, el exjuez de la Corte IDH critic\u00f3 a la presidenta Dina Boluarte por los decesos producto de la represi\u00f3n de las fuerzas del orden en las manifestaciones antigubernamentales.<\/p>\n<p>\u201cEsta se\u00f1ora que est\u00e1 en la presidencia me produce una sensaci\u00f3n de bronca y enojo: por un lado, en lo pol\u00edtico; y, en lo personal, dir\u00eda hasta un poco de piedad. Esta se\u00f1ora no se da cuenta, cree que tiene el poder, pero la est\u00e1n usando. La van a usar hasta que les sirva. El d\u00eda que ya no les sirva, le van a soltar la mano. Y, ese d\u00eda que le suelten la mano, ella va a responder por los 60 muertos. Tarde o temprano\u00bb, apunt\u00f3.<\/p>\n<p>EUGENIO ZAFFARONI CUESTIONA CONSTITUCI\u00d3N<\/p>\n<p>Asimismo, Eugenio Ra\u00fal Zaffaroni asever\u00f3 que la actual redacci\u00f3n de la Constituci\u00f3n Pol\u00edtica del Per\u00fa ha instalado un \u201csistema que hace ingobernable el pa\u00eds\u201d.<\/p>\n<p>\u201cHa mezclado elementos de presidencialismo con elementos del parlamentarismo de una manera que pr\u00e1cticamente imposibilita toda acci\u00f3n de Gobierno. Esto no ha sido solamente con Castillo, sino que la sucesi\u00f3n de presidente que ha tenido Per\u00fa en los \u00faltimos tiempos nos est\u00e1 indicando que esta Constituci\u00f3n ha montado un sistema que hace ingobernable el pa\u00eds\u201d, cuestion\u00f3. Fuente La Rep\u00fabica.cpe<\/p>\n","protected":false},"excerpt":{"rendered":"<p>Eugenio Zaffaroni, exjuez de la Corte IDH: \u00abEl golpe de Pedro Castillo ser\u00eda motivo de juicio pol\u00edtico, pero no es delito\u00bb &nbsp; Peri\u00f3dico Digital La Regi\u00f3n Sur, 9 febrero 2023.- \u00a0El reconocido jurista Eugenio Zaffaroni tambi\u00e9n afirm\u00f3 que \u201cest\u00e1n usando\u201d a Dina Boluarte. \u201cEse d\u00eda que le suelten la mano ella va a responder por &hellip;<\/p>\n","protected":false},"author":1,"featured_media":126091,"comment_status":"open","ping_status":"open","sticky":false,"template":"","format":"standard","meta":{"footnotes":""},"categories":[56,40],"tags":[],"class_list":["post-126090","post","type-post","status-publish","format-standard","has-post-thumbnail","","category-finance","category-nacionales"],"_links":{"self":[{"href":"https:\/\/laregionsur.com\/index.php?rest_route=\/wp\/v2\/posts\/126090","targetHints":{"allow":["GET"]}}],"collection":[{"href":"https:\/\/laregionsur.com\/index.php?rest_route=\/wp\/v2\/posts"}],"about":[{"href":"https:\/\/laregionsur.com\/index.php?rest_route=\/wp\/v2\/types\/post"}],"author":[{"embeddable":true,"href":"https:\/\/laregionsur.com\/index.php?rest_route=\/wp\/v2\/users\/1"}],"replies":[{"embeddable":true,"href":"https:\/\/laregionsur.com\/index.php?rest_route=%2Fwp%2Fv2%2Fcomments&post=126090"}],"version-history":[{"count":0,"href":"https:\/\/laregionsur.com\/index.php?rest_route=\/wp\/v2\/posts\/126090\/revisions"}],"wp:featuredmedia":[{"embeddable":true,"href":"https:\/\/laregionsur.com\/index.php?rest_route=\/"}],"wp:attachment":[{"href":"https:\/\/laregionsur.com\/index.php?rest_route=%2Fwp%2Fv2%2Fmedia&parent=126090"}],"wp:term":[{"taxonomy":"category","embeddable":true,"href":"https:\/\/laregionsur.com\/index.php?rest_route=%2Fwp%2Fv2%2Fcategories&post=126090"},{"taxonomy":"post_tag","embeddable":true,"href":"https:\/\/laregionsur.com\/index.php?rest_route=%2Fwp%2Fv2%2Ftags&post=126090"}],"curies":[{"name":"wp","href":"https:\/\/api.w.org\/{rel}","templated":true}]}}