{"id":126045,"date":"2023-02-03T03:02:39","date_gmt":"2023-02-03T03:02:39","guid":{"rendered":"https:\/\/laregionsur.com\/?p=126045"},"modified":"2023-02-03T03:02:39","modified_gmt":"2023-02-03T03:02:39","slug":"congreso-rechaza-adelanto-de-elecciones-y-sigue-de-espaldas-al-pueblo","status":"publish","type":"post","link":"https:\/\/laregionsur.com\/?p=126045","title":{"rendered":"Congreso rechaza adelanto de  elecciones y sigue de espaldas al pueblo"},"content":{"rendered":"<p>Congreso rechaza adelanto de<\/p>\n<p>elecciones y sigue de espaldas al pueblo<\/p>\n<p>&nbsp;<\/p>\n<ul>\n<li>Rechaz\u00f3 proyecto de adelanto de elecciones al 2023 que inclu\u00eda la consulta para asamblea constituyente<\/li>\n<\/ul>\n<p>&nbsp;<\/p>\n<p>Peri\u00f3dico Digital La Regi\u00f3n Sur, 02 enero 2023.- Con 48 votos a favor, 75 en contra y 1 abstenci\u00f3n, el Congreso rechaz\u00f3 el proyecto de ley de reforma constitucional para el adelanto de elecciones y la realizaci\u00f3n de un refer\u00e9ndum para una Asamblea Constituyente, propuesta en minor\u00eda presentada por Per\u00fa Libre. Se present\u00f3 una reconsideraci\u00f3n que tambi\u00e9n fue rechazada.<\/p>\n<p>Despu\u00e9s de la votaci\u00f3n hubo una reconsideraci\u00f3n presentada por el parlamentario Flavio Cruz (Per\u00fa Libre) que no procedi\u00f3 con 47 votos a favor, 78 en contra y una abstenci\u00f3n.<\/p>\n<p>Previo a ello, con 12 votos a favor, 113 en contra y 0 abstenciones, el Pleno del Congreso rechaz\u00f3 votar por separado el adelanto de elecciones 2023 y el refer\u00e9ndum para una Asamblea Constituyente previstos en el dictamen de Per\u00fa Libre.<\/p>\n<p>\u00bfQU\u00c9 DEC\u00cdA EL TEXTO DE PER\u00da LIBRE?<\/p>\n<p>El texto sustitutorio presentado en minor\u00eda por Jaime Quito (Per\u00fa Libre) planteaba que el adelanto de elecciones se lleve a cabo el segundo domingo de julio de 2023, en donde congresistas y parlamentarios andinos culminen su periodo el 29 de setiembre. Adem\u00e1s, el actual mandato presidencial culmine el 30 del mismo mes.<\/p>\n<p>Asimismo, el proyecto inclu\u00eda que los congresistas y parlamentarios andinos electos inicien funciones el 30 de setiembre hasta el 26 de julio de 2026 y que la presidenta jure y asuma el cargo el 1 de octubre de 2023 para culminar su mandato el 28 de julio de 2026.<\/p>\n<p>Tambi\u00e9n el dictamen se\u00f1alaba la elaboraci\u00f3n de una Nueva Constituci\u00f3n mediante una Asamblea Constituyente que sea ratificada mediante refer\u00e9ndum.<\/p>\n<p>PROPUESTA DE EJECUTIVO<\/p>\n<p>Durante la sesi\u00f3n del Pleno, por la tarde, Con 53 votos a favor, 70 en contra y 2 abstenciones, el Pleno rechaz\u00f3 la reconsideraci\u00f3n al dictamen en minor\u00eda presentado por los congresistas Alejandro Cavero y Adriana Tudela que planteaba adelantar las elecciones a abril de 2024.<\/p>\n<p>Asimismo, queda pendiente la propuesta de la presidenta Dina Boluarte, que propone adelanto de elecciones generales para octubre de 2023, a fin de que los nuevos representantes asuman funciones el 31 de diciembre del presente a\u00f1o.<\/p>\n<p>Al respecto, mediante un oficio, la secretar\u00eda de la Presidencia del Consejo de Ministros solicit\u00f3 que el ministro de Justicia, Jos\u00e9 Tello, sustente este viernes 3 de febrero ante la Comisi\u00f3n de Constituci\u00f3n el proyecto del Poder Ejecutivo para el adelanto de elecciones este 2023.<\/p>\n<p>Este pedido ocurre luego de que el mencionado grupo de trabajo parlamentario convocara al presidente del Consejo de Ministros, Alberto Ot\u00e1rola, para que exponga ese d\u00eda el proyecto de ley de reforma constitucional que establece el adelanto de elecciones generales para el 2023.<\/p>\n<p>La presentaci\u00f3n del jefe del Gabinete Ministerial hab\u00eda sido programada para este viernes 3 de febrero a las 3 de la tarde en el hemiciclo Ra\u00fal Porras Barrenechea. En esta sesi\u00f3n extraordinaria tambi\u00e9n participar\u00edan los jefes del Reniec y de la ONPE, as\u00ed como el presidente del Jurado Nacional de Elecciones (JNE). Con informaci\u00f3n de rpp.<\/p>\n","protected":false},"excerpt":{"rendered":"<p>Congreso rechaza adelanto de elecciones y sigue de espaldas al pueblo &nbsp; Rechaz\u00f3 proyecto de adelanto de elecciones al 2023 que inclu\u00eda la consulta para asamblea constituyente &nbsp; Peri\u00f3dico Digital La Regi\u00f3n Sur, 02 enero 2023.- Con 48 votos a favor, 75 en contra y 1 abstenci\u00f3n, el Congreso rechaz\u00f3 el proyecto de ley de &hellip;<\/p>\n","protected":false},"author":1,"featured_media":126046,"comment_status":"open","ping_status":"open","sticky":false,"template":"","format":"standard","meta":{"footnotes":""},"categories":[56,39],"tags":[],"class_list":["post-126045","post","type-post","status-publish","format-standard","has-post-thumbnail","","category-finance","category-stock-market"],"_links":{"self":[{"href":"https:\/\/laregionsur.com\/index.php?rest_route=\/wp\/v2\/posts\/126045","targetHints":{"allow":["GET"]}}],"collection":[{"href":"https:\/\/laregionsur.com\/index.php?rest_route=\/wp\/v2\/posts"}],"about":[{"href":"https:\/\/laregionsur.com\/index.php?rest_route=\/wp\/v2\/types\/post"}],"author":[{"embeddable":true,"href":"https:\/\/laregionsur.com\/index.php?rest_route=\/wp\/v2\/users\/1"}],"replies":[{"embeddable":true,"href":"https:\/\/laregionsur.com\/index.php?rest_route=%2Fwp%2Fv2%2Fcomments&post=126045"}],"version-history":[{"count":0,"href":"https:\/\/laregionsur.com\/index.php?rest_route=\/wp\/v2\/posts\/126045\/revisions"}],"wp:featuredmedia":[{"embeddable":true,"href":"https:\/\/laregionsur.com\/index.php?rest_route=\/"}],"wp:attachment":[{"href":"https:\/\/laregionsur.com\/index.php?rest_route=%2Fwp%2Fv2%2Fmedia&parent=126045"}],"wp:term":[{"taxonomy":"category","embeddable":true,"href":"https:\/\/laregionsur.com\/index.php?rest_route=%2Fwp%2Fv2%2Fcategories&post=126045"},{"taxonomy":"post_tag","embeddable":true,"href":"https:\/\/laregionsur.com\/index.php?rest_route=%2Fwp%2Fv2%2Ftags&post=126045"}],"curies":[{"name":"wp","href":"https:\/\/api.w.org\/{rel}","templated":true}]}}