{"id":126041,"date":"2023-02-02T23:15:54","date_gmt":"2023-02-02T23:15:54","guid":{"rendered":"https:\/\/laregionsur.com\/?p=126041"},"modified":"2023-02-02T23:15:54","modified_gmt":"2023-02-02T23:15:54","slug":"designan-director-de-direccion-regional-de-trabajo-y-promocion-de-empleo-en-gobierno-regional-de-moquegua","status":"publish","type":"post","link":"https:\/\/laregionsur.com\/?p=126041","title":{"rendered":"Designan director de Direcci\u00f3n Regional de Trabajo y Promoci\u00f3n de Empleo en Gobierno Regional de Moquegua"},"content":{"rendered":"<p>Designan director de Direcci\u00f3n Regional de Trabajo y Promoci\u00f3n de Empleo en Gobierno Regional de Moquegua<\/p>\n<ul>\n<li><strong>Mediante Resoluci\u00f3n Ejecutiva N.\u00b0 086-2023-GR\/MOQ<\/strong><\/li>\n<\/ul>\n<p><strong>\u00a0<\/strong><strong>\u00a0<\/strong>Peri\u00f3dico Digital La Regi\u00f3n Sur, 02 febrero 2023.- La gobernadora regional de Moquegua Gilia Guti\u00e9rrez Ayala, present\u00f3 al Abg. Guillermo Enrique Alcal\u00e1 Blanco como nuevo funcionario a cargo de la Direcci\u00f3n Regional de Trabajo y Promoci\u00f3n del Empleo del Gobierno Regional de Moquegua.<\/p>\n<p>La Resoluci\u00f3n\u00a0 Ejecutiva N.\u00b0 086-2023-GR\/MOQ de fecha 27 de enero de 2023 lleva la r\u00fabrica de la primera autoridad regional en la que se nombra a dicho funcionario en el cargo de confianza para desempe\u00f1ar funciones en la presente gesti\u00f3n.<\/p>\n<p>El Abg. Guillermo Enrique Alcal\u00e1 Blanco, cuenta con una amplia experiencia en el sector; ha desempe\u00f1ado el cargo subintendente en la Superintendencia Nacional de Fiscalizaci\u00f3n Laboral (Sunafil) en las regiones de Tacna y Moquegua; Adem\u00e1s se ocup\u00f3 los cargos de Director de Empleo y Formaci\u00f3n Profesional, Director de Prevenci\u00f3n y Soluci\u00f3n de Conflictos Laborales, y director de la Direcci\u00f3n Regional de Trabajo y Promoci\u00f3n del Empleo en el Gobierno Regional de Moquegua y Tacna.<\/p>\n<p><img loading=\"lazy\" decoding=\"async\" class=\"alignnone size-medium wp-image-126042\" src=\"https:\/\/laregionsur.com\/wp-content\/uploads\/2023\/02\/tr-300x200.jpg\" alt=\"\" width=\"300\" height=\"200\" \/> <img loading=\"lazy\" decoding=\"async\" class=\"alignnone size-medium wp-image-126043\" src=\"https:\/\/laregionsur.com\/wp-content\/uploads\/2023\/02\/indicevvv-300x200.jpg\" alt=\"\" width=\"300\" height=\"200\" \/><\/p>\n<p>&nbsp;<\/p>\n<p>&nbsp;<\/p>\n<p>&nbsp;<\/p>\n","protected":false},"excerpt":{"rendered":"<p>Designan director de Direcci\u00f3n Regional de Trabajo y Promoci\u00f3n de Empleo en Gobierno Regional de Moquegua Mediante Resoluci\u00f3n Ejecutiva N.\u00b0 086-2023-GR\/MOQ \u00a0\u00a0Peri\u00f3dico Digital La Regi\u00f3n Sur, 02 febrero 2023.- La gobernadora regional de Moquegua Gilia Guti\u00e9rrez Ayala, present\u00f3 al Abg. Guillermo Enrique Alcal\u00e1 Blanco como nuevo funcionario a cargo de la Direcci\u00f3n Regional de Trabajo &hellip;<\/p>\n","protected":false},"author":1,"featured_media":126043,"comment_status":"open","ping_status":"open","sticky":false,"template":"","format":"standard","meta":{"footnotes":""},"categories":[56,39],"tags":[],"class_list":["post-126041","post","type-post","status-publish","format-standard","has-post-thumbnail","","category-finance","category-stock-market"],"_links":{"self":[{"href":"https:\/\/laregionsur.com\/index.php?rest_route=\/wp\/v2\/posts\/126041","targetHints":{"allow":["GET"]}}],"collection":[{"href":"https:\/\/laregionsur.com\/index.php?rest_route=\/wp\/v2\/posts"}],"about":[{"href":"https:\/\/laregionsur.com\/index.php?rest_route=\/wp\/v2\/types\/post"}],"author":[{"embeddable":true,"href":"https:\/\/laregionsur.com\/index.php?rest_route=\/wp\/v2\/users\/1"}],"replies":[{"embeddable":true,"href":"https:\/\/laregionsur.com\/index.php?rest_route=%2Fwp%2Fv2%2Fcomments&post=126041"}],"version-history":[{"count":0,"href":"https:\/\/laregionsur.com\/index.php?rest_route=\/wp\/v2\/posts\/126041\/revisions"}],"wp:featuredmedia":[{"embeddable":true,"href":"https:\/\/laregionsur.com\/index.php?rest_route=\/"}],"wp:attachment":[{"href":"https:\/\/laregionsur.com\/index.php?rest_route=%2Fwp%2Fv2%2Fmedia&parent=126041"}],"wp:term":[{"taxonomy":"category","embeddable":true,"href":"https:\/\/laregionsur.com\/index.php?rest_route=%2Fwp%2Fv2%2Fcategories&post=126041"},{"taxonomy":"post_tag","embeddable":true,"href":"https:\/\/laregionsur.com\/index.php?rest_route=%2Fwp%2Fv2%2Ftags&post=126041"}],"curies":[{"name":"wp","href":"https:\/\/api.w.org\/{rel}","templated":true}]}}