{"id":125969,"date":"2023-01-29T20:28:10","date_gmt":"2023-01-29T20:28:10","guid":{"rendered":"https:\/\/laregionsur.com\/?p=125969"},"modified":"2023-01-29T20:28:10","modified_gmt":"2023-01-29T20:28:10","slug":"otro-muerto-y-dos-heridos-mas-deja-protestas-del-sabado-en-lima","status":"publish","type":"post","link":"https:\/\/laregionsur.com\/?p=125969","title":{"rendered":"Otro muerto y dos heridos m\u00e1s  deja protestas del s\u00e1bado en Lima"},"content":{"rendered":"<p>Otro muerto y dos heridos m\u00e1s<\/p>\n<p>deja protestas del s\u00e1bado en Lima<\/p>\n<p>&nbsp;<\/p>\n<p>&nbsp;<\/p>\n<ul>\n<li>Con la muerte de V\u00edctor Santisteban Yacsavilca, suman a 61 los fallecidos en las manifestaciones contra el Gobierno de Dina Boluarte y el Congreso.<\/li>\n<\/ul>\n<p>&nbsp;<\/p>\n<p>&nbsp;<\/p>\n<p>Peri\u00f3dico Digital La Regi\u00f3n Sur, 29 enero 2023.- Una persona falleci\u00f3 durante los enfrentamientos registrados desde la tarde de este s\u00e1bado en el Cercado de Lima, seg\u00fan confirm\u00f3 el Seguro Social de Salud (EsSalud).<\/p>\n<p>&nbsp;<\/p>\n<p>El fallecido fue identificado como V\u00edctor Santisteban Yacsavilca de 55 a\u00f1os, quien tras ser herido fue derivado al Hospital de Emergencias Grau.<\/p>\n<p>&nbsp;<\/p>\n<p>Seg\u00fan indicaron mediante un comunicado, este hombre lleg\u00f3 policontuso y con un traumatismo enc\u00e9falo craneano grave. Pese a que el personal de salud hizo todos los esfuerzos para salvarlo, no resisti\u00f3.<\/p>\n<p>&nbsp;<\/p>\n<p>A\u00f1adieron que en el Hospital de Emergencias Grau se atendi\u00f3 a 13 heridos de los cuales, 11 ya fueron dados de alta. Asimismo, se traslad\u00f3 a un herido de gravedad al Hospital Guillermo Almenara.<\/p>\n<p>&nbsp;<\/p>\n<p>Desde la Defensor\u00eda del Pueblo indicaron que ya se coordina con el Ministerio P\u00fablico para realizar las diligencias correspondientes.<\/p>\n<p>&nbsp;<\/p>\n<p>Asimismo, indicaron que tambi\u00e9n hay un herido de gravedad identificado como Taine Isidoro Bedon Magui\u00f1a, quien tuvo que ser trasladado al Hospital Guillermo Almenara.<\/p>\n<p>&nbsp;<\/p>\n<p>Se\u00f1alaron tambi\u00e9n que sus comisionados verifican que se atienda correctamente a los polic\u00edas heridos en el Hospital de la Polic\u00eda Nacional del Per\u00fa.<\/p>\n<p>ENFRENTAMIENTOS EN EL CERCADO DE LIMA<\/p>\n<p>&nbsp;<\/p>\n<p>Durante la tarde, un grupo de manifestantes se enfrent\u00f3 a efectivos de la Polic\u00eda Nacional que formaron un cord\u00f3n en el cruce de las avenidas Abancay y Nicol\u00e1s de Pi\u00e9rola en el Cercado de Lima.<\/p>\n<p>&nbsp;<\/p>\n<p>Estos manifestantes lanzaron objetos contundentes y piedras a los efectivos policiales, que respondieron con gases lacrim\u00f3genos y los hicieron retroceder hasta el cruce de jir\u00f3n Leticia con avenida Abancay.<\/p>\n<p>&nbsp;<\/p>\n<p>En este punto, los manifestantes continuaron atacando a los efectivos con piedras, lo que gener\u00f3 que cuatro agentes resultaran heridos y trasladados a otros espacios para ser atendidos por personal de los Bomberos.<\/p>\n<p>Crisis social<\/p>\n<p>El enfrentamiento se da las recientes jornadas de movilizaciones contra el Gobierno de Dina Boluarte y el Congreso, que iniciaron el 19 de enero pasado en la capital.<\/p>\n<p>Las protestas y manifestaciones contra el Ejecutivo durante estos d\u00edas se han concentrado en el Cercado de Lima.<\/p>\n<p>&nbsp;<\/p>\n<p>Los manifestantes exigen la renuncia de la presidenta Dina Boluarte, as\u00ed como la salida de los congresistas y que se convoque a elecciones generales.<\/p>\n<p>&nbsp;<\/p>\n<p>Las protestas de los \u00faltimos d\u00edas en la capital se dan tras semanas de manifestaciones en diversas regiones del pa\u00eds desde la segunda semana de diciembre de 2022. Con informaci\u00f3n de rrpp.<\/p>\n<p>foto. Los Angeles Times<\/p>\n<p>&nbsp;<\/p>\n","protected":false},"excerpt":{"rendered":"<p>Otro muerto y dos heridos m\u00e1s deja protestas del s\u00e1bado en Lima &nbsp; &nbsp; Con la muerte de V\u00edctor Santisteban Yacsavilca, suman a 61 los fallecidos en las manifestaciones contra el Gobierno de Dina Boluarte y el Congreso. &nbsp; &nbsp; Peri\u00f3dico Digital La Regi\u00f3n Sur, 29 enero 2023.- Una persona falleci\u00f3 durante los enfrentamientos registrados &hellip;<\/p>\n","protected":false},"author":1,"featured_media":125970,"comment_status":"open","ping_status":"open","sticky":false,"template":"","format":"standard","meta":{"footnotes":""},"categories":[56,39],"tags":[],"class_list":["post-125969","post","type-post","status-publish","format-standard","has-post-thumbnail","","category-finance","category-stock-market"],"_links":{"self":[{"href":"https:\/\/laregionsur.com\/index.php?rest_route=\/wp\/v2\/posts\/125969","targetHints":{"allow":["GET"]}}],"collection":[{"href":"https:\/\/laregionsur.com\/index.php?rest_route=\/wp\/v2\/posts"}],"about":[{"href":"https:\/\/laregionsur.com\/index.php?rest_route=\/wp\/v2\/types\/post"}],"author":[{"embeddable":true,"href":"https:\/\/laregionsur.com\/index.php?rest_route=\/wp\/v2\/users\/1"}],"replies":[{"embeddable":true,"href":"https:\/\/laregionsur.com\/index.php?rest_route=%2Fwp%2Fv2%2Fcomments&post=125969"}],"version-history":[{"count":0,"href":"https:\/\/laregionsur.com\/index.php?rest_route=\/wp\/v2\/posts\/125969\/revisions"}],"wp:featuredmedia":[{"embeddable":true,"href":"https:\/\/laregionsur.com\/index.php?rest_route=\/"}],"wp:attachment":[{"href":"https:\/\/laregionsur.com\/index.php?rest_route=%2Fwp%2Fv2%2Fmedia&parent=125969"}],"wp:term":[{"taxonomy":"category","embeddable":true,"href":"https:\/\/laregionsur.com\/index.php?rest_route=%2Fwp%2Fv2%2Fcategories&post=125969"},{"taxonomy":"post_tag","embeddable":true,"href":"https:\/\/laregionsur.com\/index.php?rest_route=%2Fwp%2Fv2%2Ftags&post=125969"}],"curies":[{"name":"wp","href":"https:\/\/api.w.org\/{rel}","templated":true}]}}