{"id":125927,"date":"2023-01-25T02:08:02","date_gmt":"2023-01-25T02:08:02","guid":{"rendered":"https:\/\/laregionsur.com\/?p=125927"},"modified":"2023-01-25T02:08:02","modified_gmt":"2023-01-25T02:08:02","slug":"lescano-a-boluarte-por-decir-que-puno-no-es-el-peru-por-eso-permitio-que-maten-a-mas-de-20-punenos","status":"publish","type":"post","link":"https:\/\/laregionsur.com\/?p=125927","title":{"rendered":"Lescano a Boluarte por decir que Puno no es el Per\u00fa: \u00bb  \u00bfPor eso permiti\u00f3 que maten a m\u00e1s de 20 pune\u00f1os?\u00bb"},"content":{"rendered":"<p>Lescano a Boluarte por decir que Puno no es el Per\u00fa: \u00bb<\/p>\n<p>\u00bfPor eso permiti\u00f3 que maten a m\u00e1s de 20 pune\u00f1os?\u00bb<\/p>\n<p>&nbsp;<\/p>\n<p>Peri\u00f3dico Digital La Regi\u00f3n Sur, 24 enero 2023.- Como respuesta, el ex candidato presidencial Yonhy Lescano retruc\u00f3 en su Twitter oficial que \u00abPuno es el Per\u00fa, (\u2026) una parte abandonada de la patria\u00bb. Tambi\u00e9n se pregunt\u00f3 si acaso por esa idea Boluarte \u00abpermiti\u00f3 que maten a m\u00e1s de 20 pune\u00f1os\u00bb.<\/p>\n<p>Asimismo, Lescano exigi\u00f3 la renuncia inmediata de la primera mandataria de la Rep\u00fablica para no \u00abseguir destruyendo nuestro pa\u00eds\u00bb. Tild\u00f3 a su gesti\u00f3n como una dictadura.<\/p>\n<p>PR\u00d3XIMA EXPOSICI\u00d3N ANTE LA COMUNIDAD INTERNACIONAL DE LA PRESIDENTA<\/p>\n<p>Boluarte Zegarra se re\u00fane ma\u00f1ana, 25 de enero, con el Consejo Permanente de la Organizaci\u00f3n de Estados Americanos (OEA) en el sal\u00f3n de las Am\u00e9ricas, Estados Unidos. Anunci\u00f3 que contar\u00e1 \u00abla verdad\u00bb en la sede diplom\u00e1tica. La primera y \u00fanica vez que la junta se convoc\u00f3 para hablar de la convulsa situaci\u00f3n peruana acaecida desde que Boluarte port\u00f3 el faj\u00edn blanquirrojo fue el 18 de enero. En aquella ocasi\u00f3n, el representante de la canciller\u00eda peruana y director general para Asuntos Multilaterales y Globales, Paul Duclos Parodi, argument\u00f3 en favor del Gobierno de la jefa de Estado. Pa\u00edses como Argentina, M\u00e9xico y Brasil expresaron su rechazo a la violencia.<\/p>\n","protected":false},"excerpt":{"rendered":"<p>Lescano a Boluarte por decir que Puno no es el Per\u00fa: \u00bb \u00bfPor eso permiti\u00f3 que maten a m\u00e1s de 20 pune\u00f1os?\u00bb &nbsp; Peri\u00f3dico Digital La Regi\u00f3n Sur, 24 enero 2023.- Como respuesta, el ex candidato presidencial Yonhy Lescano retruc\u00f3 en su Twitter oficial que \u00abPuno es el Per\u00fa, (\u2026) una parte abandonada de la &hellip;<\/p>\n","protected":false},"author":1,"featured_media":125928,"comment_status":"open","ping_status":"open","sticky":false,"template":"","format":"standard","meta":{"footnotes":""},"categories":[56,63],"tags":[],"class_list":["post-125927","post","type-post","status-publish","format-standard","has-post-thumbnail","","category-finance","category-puno"],"_links":{"self":[{"href":"https:\/\/laregionsur.com\/index.php?rest_route=\/wp\/v2\/posts\/125927","targetHints":{"allow":["GET"]}}],"collection":[{"href":"https:\/\/laregionsur.com\/index.php?rest_route=\/wp\/v2\/posts"}],"about":[{"href":"https:\/\/laregionsur.com\/index.php?rest_route=\/wp\/v2\/types\/post"}],"author":[{"embeddable":true,"href":"https:\/\/laregionsur.com\/index.php?rest_route=\/wp\/v2\/users\/1"}],"replies":[{"embeddable":true,"href":"https:\/\/laregionsur.com\/index.php?rest_route=%2Fwp%2Fv2%2Fcomments&post=125927"}],"version-history":[{"count":0,"href":"https:\/\/laregionsur.com\/index.php?rest_route=\/wp\/v2\/posts\/125927\/revisions"}],"wp:featuredmedia":[{"embeddable":true,"href":"https:\/\/laregionsur.com\/index.php?rest_route=\/"}],"wp:attachment":[{"href":"https:\/\/laregionsur.com\/index.php?rest_route=%2Fwp%2Fv2%2Fmedia&parent=125927"}],"wp:term":[{"taxonomy":"category","embeddable":true,"href":"https:\/\/laregionsur.com\/index.php?rest_route=%2Fwp%2Fv2%2Fcategories&post=125927"},{"taxonomy":"post_tag","embeddable":true,"href":"https:\/\/laregionsur.com\/index.php?rest_route=%2Fwp%2Fv2%2Ftags&post=125927"}],"curies":[{"name":"wp","href":"https:\/\/api.w.org\/{rel}","templated":true}]}}