{"id":125861,"date":"2023-01-20T12:47:24","date_gmt":"2023-01-20T12:47:24","guid":{"rendered":"https:\/\/laregionsur.com\/?p=125861"},"modified":"2023-01-20T12:47:24","modified_gmt":"2023-01-20T12:47:24","slug":"gobernadora-regional-moquegua-logra-compromiso-de-transferir-16-millones-de-soles-para-proyectos-de-electrificacion","status":"publish","type":"post","link":"https:\/\/laregionsur.com\/?p=125861","title":{"rendered":"GOBERNADORA REGIONAL MOQUEGUA, LOGRA COMPROMISO DE TRANSFERIR 16 MILLONES DE SOLES PARA PROYECTOS DE ELECTRIFICACI\u00d3N"},"content":{"rendered":"<p>GOBERNADORA REGIONAL DE MOQUEGUA LOGRA COMPROMISO DE TRANSFERIR 16 MILLONES DE SOLES PARA PROYECTOS DE ELECTRIFICACI\u00d3N<\/p>\n<p>\u2705 Adem\u00e1s MINEM ejecutar\u00e1 proyectos con una inversi\u00f3n de 11.9 millones en nuestra regi\u00f3n.<\/p>\n<p>&nbsp;<\/p>\n<p>Peri\u00f3dico Digital La Regi\u00f3n Sur, 20 enero 2023.- En reuni\u00f3n sostenida con el titular del Ministerio de Energ\u00eda y Minas, autoridad regional Gilia Gutierrez logr\u00f3 el compromiso de transferir S\/16 millones para el proyecto mejoramiento y ampliaci\u00f3n del servicio de energ\u00eda que beneficia a m\u00e1s de 12 mil pobladores de los distritos de Ubinas, Chojata, Lloque, Yunga e Ichu\u00f1a, en la provincia de General S\u00e1nchez Cerro, adem\u00e1s de transferir obras de electrificaci\u00f3n a Electrosur por S\/ 24 millones.<\/p>\n<p>Cabe destacar que la autoridad regional viene realizando la gesti\u00f3n para que el MINEM ejecute directamente el proyecto de electrificaci\u00f3n rural en 2 distritos de la provincia de Ilo, 5 distritos de Mariscal Nieto y 11 en la provincia General S\u00e1nchez Cerr\u00f3 con una inversi\u00f3n de 11.9 millones de soles, proyecto que se encuentra en elaboraci\u00f3n el estudio de preinversi\u00f3n y beneficiar\u00e1 a m\u00e1s de 12 mil pobladores que no cuentan con este servicio.<\/p>\n<p>En la cita tambi\u00e9n el ministro Oscar Vera asumi\u00f3 el compromiso de que el Gobierno Regional Moquegua tenga participaci\u00f3n en los directorios de EGESUR y ELECTROSUR para impulsar el destrabe de la construcci\u00f3n de las centrales hidroel\u00e9ctricas 1 y 2 del Proyecto Especial Regional Pasto Grande.<\/p>\n<p>Adem\u00e1s, el titular del MINEM confirm\u00f3 para este 2023 la ampliaci\u00f3n de conexiones de gas domiciliario con una extensi\u00f3n de 10 Kms. en Moquegua beneficiando a 3000 pobladores.<\/p>\n<p>Finalmente, la gobernadora regional solicit\u00f3 la intermediaci\u00f3n del Ministerio de Energ\u00eda y Minas para reactivar los espacios de di\u00e1logo con presencia de los m\u00e1s altos funcionarios de Southern Peru y Anglo American Quellaveco.<\/p>\n<p>&nbsp;<\/p>\n<p>.<img loading=\"lazy\" decoding=\"async\" class=\"alignnone size-medium wp-image-125863\" src=\"https:\/\/laregionsur.com\/wp-content\/uploads\/2023\/01\/gi-1-1-300x200.jpg\" alt=\"\" width=\"300\" height=\"200\" \/> <img loading=\"lazy\" decoding=\"async\" class=\"alignnone size-medium wp-image-125864\" src=\"https:\/\/laregionsur.com\/wp-content\/uploads\/2023\/01\/gi-2-300x200.jpg\" alt=\"\" width=\"300\" height=\"200\" \/> <img loading=\"lazy\" decoding=\"async\" class=\"alignnone size-medium wp-image-125865\" src=\"https:\/\/laregionsur.com\/wp-content\/uploads\/2023\/01\/gi-3-300x200.jpg\" alt=\"\" width=\"300\" height=\"200\" \/><\/p>\n<p>&nbsp;<\/p>\n","protected":false},"excerpt":{"rendered":"<p>GOBERNADORA REGIONAL DE MOQUEGUA LOGRA COMPROMISO DE TRANSFERIR 16 MILLONES DE SOLES PARA PROYECTOS DE ELECTRIFICACI\u00d3N \u2705 Adem\u00e1s MINEM ejecutar\u00e1 proyectos con una inversi\u00f3n de 11.9 millones en nuestra regi\u00f3n. &nbsp; Peri\u00f3dico Digital La Regi\u00f3n Sur, 20 enero 2023.- En reuni\u00f3n sostenida con el titular del Ministerio de Energ\u00eda y Minas, autoridad regional Gilia Gutierrez &hellip;<\/p>\n","protected":false},"author":1,"featured_media":125862,"comment_status":"open","ping_status":"open","sticky":false,"template":"","format":"standard","meta":{"footnotes":""},"categories":[56,39],"tags":[],"class_list":["post-125861","post","type-post","status-publish","format-standard","has-post-thumbnail","","category-finance","category-stock-market"],"_links":{"self":[{"href":"https:\/\/laregionsur.com\/index.php?rest_route=\/wp\/v2\/posts\/125861","targetHints":{"allow":["GET"]}}],"collection":[{"href":"https:\/\/laregionsur.com\/index.php?rest_route=\/wp\/v2\/posts"}],"about":[{"href":"https:\/\/laregionsur.com\/index.php?rest_route=\/wp\/v2\/types\/post"}],"author":[{"embeddable":true,"href":"https:\/\/laregionsur.com\/index.php?rest_route=\/wp\/v2\/users\/1"}],"replies":[{"embeddable":true,"href":"https:\/\/laregionsur.com\/index.php?rest_route=%2Fwp%2Fv2%2Fcomments&post=125861"}],"version-history":[{"count":0,"href":"https:\/\/laregionsur.com\/index.php?rest_route=\/wp\/v2\/posts\/125861\/revisions"}],"wp:featuredmedia":[{"embeddable":true,"href":"https:\/\/laregionsur.com\/index.php?rest_route=\/"}],"wp:attachment":[{"href":"https:\/\/laregionsur.com\/index.php?rest_route=%2Fwp%2Fv2%2Fmedia&parent=125861"}],"wp:term":[{"taxonomy":"category","embeddable":true,"href":"https:\/\/laregionsur.com\/index.php?rest_route=%2Fwp%2Fv2%2Fcategories&post=125861"},{"taxonomy":"post_tag","embeddable":true,"href":"https:\/\/laregionsur.com\/index.php?rest_route=%2Fwp%2Fv2%2Ftags&post=125861"}],"curies":[{"name":"wp","href":"https:\/\/api.w.org\/{rel}","templated":true}]}}