{"id":125767,"date":"2023-01-14T03:14:07","date_gmt":"2023-01-14T03:14:07","guid":{"rendered":"https:\/\/laregionsur.com\/?p=125767"},"modified":"2023-01-14T03:14:07","modified_gmt":"2023-01-14T03:14:07","slug":"marcha-por-la-paz-con-agresores","status":"publish","type":"post","link":"https:\/\/laregionsur.com\/?p=125767","title":{"rendered":"\u00abMarcha por la Paz\u00bb con matones"},"content":{"rendered":"<div class=\"x11i5rnm xat24cr x1mh8g0r x1vvkbs xdj266r x126k92a\">\n<div dir=\"auto\">En el tercer d\u00eda de paro en la regi\u00f3n Tacna se desarrollaron dos marchas, la habitual, la que pide la renuncia de Dina Boluarte y otra denominada la \u00abmarcha por la paz\u00bb que curiosamente estaba integrada con ciudadanos\u00a0 que pedian todo contrario a la otra marcha, pero curiosamente terminaron agrediendo a un periodista que cubria estos eventos.<\/div>\n<div dir=\"auto\">Alrededor de medidia en inmediaciones del Paseo C\u00edvico, un sujeto que participaba en la denominada \u201cMarcha por la paz\u201d le propin\u00f3 un golpe al periodista de Exitosa, Jos\u00e9 G\u00f3mez, lo que provoc\u00f3 que su equipo de trabajo caiga al suelo.<\/div>\n<\/div>\n<div class=\"x11i5rnm xat24cr x1mh8g0r x1vvkbs xtlvy1s x126k92a\">\n<div dir=\"auto\">El integrante de esta marcha en forma airada tild\u00f3 de \u201cterroristas\u201d a manifestantes que exig\u00edan la renuncia de Dina Boluarte. Cuando el periodista cuestion\u00f3 el calificativo, este lo agredi\u00f3. Tuvo que intervenir la Polic\u00eda Nacional para alejar al var\u00f3n que posteriormente fue identificado como Elmer Samam\u00e9 Cuba.<\/div>\n<\/div>\n<div class=\"x11i5rnm xat24cr x1mh8g0r x1vvkbs xtlvy1s x126k92a\">\n<div dir=\"auto\">Se conoci\u00f3 que Samam\u00e9 es hijo de un conocido dirigente aprista en la ciudad y labora como tramitador en los exteriores de la Direcci\u00f3n Regional de Transportes de Tacna. Adem\u00e1s, particip\u00f3 en la campa\u00f1a \u00abYo voto sin odio\u00bb promovida a favor de la candidata Keiko Fujimori en junio de 2021.<\/div>\n<\/div>\n","protected":false},"excerpt":{"rendered":"<p>En el tercer d\u00eda de paro en la regi\u00f3n Tacna se desarrollaron dos marchas, la habitual, la que pide la renuncia de Dina Boluarte y otra denominada la \u00abmarcha por la paz\u00bb que curiosamente estaba integrada con ciudadanos\u00a0 que pedian todo contrario a la otra marcha, pero curiosamente terminaron agrediendo a un periodista que cubria &hellip;<\/p>\n","protected":false},"author":1,"featured_media":125776,"comment_status":"open","ping_status":"open","sticky":false,"template":"","format":"standard","meta":{"footnotes":""},"categories":[44],"tags":[],"class_list":["post-125767","post","type-post","status-publish","format-standard","has-post-thumbnail","","category-global-trade"],"_links":{"self":[{"href":"https:\/\/laregionsur.com\/index.php?rest_route=\/wp\/v2\/posts\/125767","targetHints":{"allow":["GET"]}}],"collection":[{"href":"https:\/\/laregionsur.com\/index.php?rest_route=\/wp\/v2\/posts"}],"about":[{"href":"https:\/\/laregionsur.com\/index.php?rest_route=\/wp\/v2\/types\/post"}],"author":[{"embeddable":true,"href":"https:\/\/laregionsur.com\/index.php?rest_route=\/wp\/v2\/users\/1"}],"replies":[{"embeddable":true,"href":"https:\/\/laregionsur.com\/index.php?rest_route=%2Fwp%2Fv2%2Fcomments&post=125767"}],"version-history":[{"count":0,"href":"https:\/\/laregionsur.com\/index.php?rest_route=\/wp\/v2\/posts\/125767\/revisions"}],"wp:featuredmedia":[{"embeddable":true,"href":"https:\/\/laregionsur.com\/index.php?rest_route=\/"}],"wp:attachment":[{"href":"https:\/\/laregionsur.com\/index.php?rest_route=%2Fwp%2Fv2%2Fmedia&parent=125767"}],"wp:term":[{"taxonomy":"category","embeddable":true,"href":"https:\/\/laregionsur.com\/index.php?rest_route=%2Fwp%2Fv2%2Fcategories&post=125767"},{"taxonomy":"post_tag","embeddable":true,"href":"https:\/\/laregionsur.com\/index.php?rest_route=%2Fwp%2Fv2%2Ftags&post=125767"}],"curies":[{"name":"wp","href":"https:\/\/api.w.org\/{rel}","templated":true}]}}