{"id":125761,"date":"2023-01-13T02:40:57","date_gmt":"2023-01-13T02:40:57","guid":{"rendered":"https:\/\/laregionsur.com\/?p=125761"},"modified":"2023-01-13T02:40:57","modified_gmt":"2023-01-13T02:40:57","slug":"anuncio-de-otarola-provoca-reacciones-en-pueblo-que-protesta","status":"publish","type":"post","link":"https:\/\/laregionsur.com\/?p=125761","title":{"rendered":"Anuncio de Ot\u00e1rola provoca  reacciones en pueblo que protesta"},"content":{"rendered":"<p>Anuncio de Ot\u00e1rola provoca<\/p>\n<p>reacciones en pueblo que protesta<\/p>\n<p>&nbsp;<\/p>\n<ul>\n<li>Se registran enfrentamientos entre manifestantes y polic\u00edas en Cusco y hay marchas en Lima<\/li>\n<\/ul>\n<p>&nbsp;<\/p>\n<p>Peri\u00f3dico Digital La Regi\u00f3n Sur, 12 enero 2023.- En Lima un grupo de manifestantes realiza una protesta en contra del Gobierno. Hasta el momento, la cifra total de fallecidos en las protestas se elev\u00f3 hasta 48.<\/p>\n<p>&nbsp;<\/p>\n<p>El Ministerio del Interior inform\u00f3 que, a trav\u00e9s de la Procuradur\u00eda Especializada en Delitos contra el Orden P\u00fablico, junto con la Fiscal\u00eda de la Naci\u00f3n, vienen trabajando en carpetas fiscales sobre los actos vand\u00e1licos perpetrados durante las movilizaciones en distintas partes del pa\u00eds a fin de establecer responsabilidades.<\/p>\n<p>&nbsp;<\/p>\n<p>PUNO. Durante el d\u00eda los servicios de transportes urbano, interdistrital, interprovincial e interregional fueron restringidos en toda la regi\u00f3n, los terminales zonales e interregionales est\u00e1n cerrados por la huelga que acata la poblaci\u00f3n de esta parte del pa\u00eds.<\/p>\n<p>&nbsp;<\/p>\n<p>Cusco. Contin\u00faan las manifestaciones\u00a0en el distrito de Wanchaq. Se report\u00f3 que los manifestantes intentaron hacer un forado en la estaci\u00f3n de trenes.<\/p>\n<p>&nbsp;<\/p>\n<p>CONFERENCIA DE PRENSA<\/p>\n<p>&nbsp;<\/p>\n<p>En la conferencia de prensa ofrecido por el Premier Ot\u00e1rola, dijo que no renunciar\u00eda la presidente Dina Boluarte, ya que se generar\u00eda una anarqu\u00eda total en el pa\u00eds, dicho anuncio ha\u00a0 provocado la inmediata reacci\u00f3n en diferentes partes del pa\u00eds, sobre todo en Lima capital, produci\u00e9ndose \u00a0diversos enfrentamientos con los miembros del orden.<\/p>\n<p>&nbsp;<\/p>\n","protected":false},"excerpt":{"rendered":"<p>Anuncio de Ot\u00e1rola provoca reacciones en pueblo que protesta &nbsp; Se registran enfrentamientos entre manifestantes y polic\u00edas en Cusco y hay marchas en Lima &nbsp; Peri\u00f3dico Digital La Regi\u00f3n Sur, 12 enero 2023.- En Lima un grupo de manifestantes realiza una protesta en contra del Gobierno. Hasta el momento, la cifra total de fallecidos en &hellip;<\/p>\n","protected":false},"author":1,"featured_media":125762,"comment_status":"open","ping_status":"open","sticky":false,"template":"","format":"standard","meta":{"footnotes":""},"categories":[56,39],"tags":[],"class_list":["post-125761","post","type-post","status-publish","format-standard","has-post-thumbnail","","category-finance","category-stock-market"],"_links":{"self":[{"href":"https:\/\/laregionsur.com\/index.php?rest_route=\/wp\/v2\/posts\/125761","targetHints":{"allow":["GET"]}}],"collection":[{"href":"https:\/\/laregionsur.com\/index.php?rest_route=\/wp\/v2\/posts"}],"about":[{"href":"https:\/\/laregionsur.com\/index.php?rest_route=\/wp\/v2\/types\/post"}],"author":[{"embeddable":true,"href":"https:\/\/laregionsur.com\/index.php?rest_route=\/wp\/v2\/users\/1"}],"replies":[{"embeddable":true,"href":"https:\/\/laregionsur.com\/index.php?rest_route=%2Fwp%2Fv2%2Fcomments&post=125761"}],"version-history":[{"count":0,"href":"https:\/\/laregionsur.com\/index.php?rest_route=\/wp\/v2\/posts\/125761\/revisions"}],"wp:featuredmedia":[{"embeddable":true,"href":"https:\/\/laregionsur.com\/index.php?rest_route=\/"}],"wp:attachment":[{"href":"https:\/\/laregionsur.com\/index.php?rest_route=%2Fwp%2Fv2%2Fmedia&parent=125761"}],"wp:term":[{"taxonomy":"category","embeddable":true,"href":"https:\/\/laregionsur.com\/index.php?rest_route=%2Fwp%2Fv2%2Fcategories&post=125761"},{"taxonomy":"post_tag","embeddable":true,"href":"https:\/\/laregionsur.com\/index.php?rest_route=%2Fwp%2Fv2%2Ftags&post=125761"}],"curies":[{"name":"wp","href":"https:\/\/api.w.org\/{rel}","templated":true}]}}