{"id":125420,"date":"2022-12-12T06:00:52","date_gmt":"2022-12-12T11:00:52","guid":{"rendered":"https:\/\/laregionsur.com\/?p=125420"},"modified":"2022-12-12T06:00:52","modified_gmt":"2022-12-12T11:00:52","slug":"destacan-la-presencia-de-southern-peru-en-481-aniversario-de-moquegua","status":"publish","type":"post","link":"https:\/\/laregionsur.com\/?p=125420","title":{"rendered":"DESTACAN LA PRESENCIA DE SOUTHERN  PER\u00da EN 481 ANIVERSARIO DE MOQUEGUA"},"content":{"rendered":"<p>DESTACAN LA PRESENCIA DE SOUTHERN<\/p>\n<p>PER\u00da EN 481 ANIVERSARIO DE MOQUEGUA<\/p>\n<p>&nbsp;<\/p>\n<p>Peri\u00f3dico Digital La Regi\u00f3n Sur 12 diciembre 2022.-\u00a0 En el marco de las actividades por el aniversario de Moquegua, la Municipalidad provincial de Mariscal Nieto destac\u00f3 el desempe\u00f1o de Southern<\/p>\n<p>Per\u00fa en favor del sector educaci\u00f3n. El alcalde provincial Abraham C\u00e1rdenas Romero calific\u00f3 de \u201cimportante\u201d el trabajo encaminado por la compa\u00f1\u00eda junto a la comuna provincial.<\/p>\n<p>Fue durante la sesi\u00f3n solemne por el 481 aniversario de Fundaci\u00f3n espa\u00f1ola de Moquegua, donde salud\u00f3 el aporte de la compa\u00f1\u00eda que, construy\u00f3 e implement\u00f3 tres instituciones educativas de nivel inicial en la provincia Mariscal Nieto, adem\u00e1s de comprometer la construcci\u00f3n del Colegio de Alto Rendimiento de Moquegua y la nueva sede de la I.E. Manuel C. de la Torre.<\/p>\n<p>Durante la ceremonia realizada en la Plaza de Armas de Moquegua, el burgomaestre reconoci\u00f3 la importante contribuci\u00f3n de la miner\u00eda a los \u00a0Gobiernos locales a trav\u00e9s de canon minero u otros aportes e inst\u00f3 a la pr\u00f3xima gesti\u00f3n municipal a continuar trabajando en alianza con la miner\u00eda. C\u00e1rdenas Romero presidi\u00f3 los actos oficiales por el aniversario de Moquegua, a los que se sum\u00f3 Southern Per\u00fa.<\/p>\n<p>&nbsp;<\/p>\n<p>EXHIBICI\u00d3N EN PLAZA<\/p>\n<p>Precisamente a prop\u00f3sito del aniversario de Moquegua, la compa\u00f1\u00eda realiz\u00f3 una exposici\u00f3n en la Plaza de Armas de Moquegua donde present\u00f3 una muestra fotogr\u00e1fica que resume los programas desarrollados en Torata y Moquegua, as\u00ed como el sostenido aporte de la empresa en rubros como educaci\u00f3n, fortalecimiento de capacidades, teatro, sector agropecuario, entre otros.<\/p>\n<p>Tambi\u00e9n se realiz\u00f3 la exhibici\u00f3n-venta de productos elaborados por emprendedores del distrito de Torata, beneficiarios del programa \u201cEmprende en casa\u201d. En stands acondicionados en la Plaza de Armas se ofertaron productos diversos, como quesos frescos, panetones, alimentos org\u00e1nicos, paltas, manualidades, entre otros.<\/p>\n<p>&nbsp;<\/p>\n<p><img loading=\"lazy\" decoding=\"async\" class=\"alignnone size-medium wp-image-125423\" src=\"https:\/\/laregionsur.com\/wp-content\/uploads\/2022\/12\/S-2-300x184.jpg\" alt=\"\" width=\"300\" height=\"184\" \/> <img loading=\"lazy\" decoding=\"async\" class=\"alignnone size-medium wp-image-125424\" src=\"https:\/\/laregionsur.com\/wp-content\/uploads\/2022\/12\/S-3-300x180.jpg\" alt=\"\" width=\"300\" height=\"180\" \/> <img loading=\"lazy\" decoding=\"async\" class=\"alignnone size-medium wp-image-125425\" src=\"https:\/\/laregionsur.com\/wp-content\/uploads\/2022\/12\/S-4-300x227.jpg\" alt=\"\" width=\"300\" height=\"227\" \/> <img loading=\"lazy\" decoding=\"async\" class=\"alignnone size-medium wp-image-125426\" src=\"https:\/\/laregionsur.com\/wp-content\/uploads\/2022\/12\/S-5-300x186.jpg\" alt=\"\" width=\"300\" height=\"186\" \/><img loading=\"lazy\" decoding=\"async\" class=\"alignnone size-medium wp-image-125422\" src=\"https:\/\/laregionsur.com\/wp-content\/uploads\/2022\/12\/S-1-1-300x189.jpg\" alt=\"\" width=\"300\" height=\"189\" \/><\/p>\n<p><img loading=\"lazy\" decoding=\"async\" class=\"alignnone size-medium wp-image-125427\" src=\"https:\/\/laregionsur.com\/wp-content\/uploads\/2022\/12\/S-6-300x150.jpg\" alt=\"\" width=\"300\" height=\"150\" \/><\/p>\n","protected":false},"excerpt":{"rendered":"<p>DESTACAN LA PRESENCIA DE SOUTHERN PER\u00da EN 481 ANIVERSARIO DE MOQUEGUA &nbsp; Peri\u00f3dico Digital La Regi\u00f3n Sur 12 diciembre 2022.-\u00a0 En el marco de las actividades por el aniversario de Moquegua, la Municipalidad provincial de Mariscal Nieto destac\u00f3 el desempe\u00f1o de Southern Per\u00fa en favor del sector educaci\u00f3n. El alcalde provincial Abraham C\u00e1rdenas Romero calific\u00f3 &hellip;<\/p>\n","protected":false},"author":1,"featured_media":125421,"comment_status":"open","ping_status":"open","sticky":false,"template":"","format":"standard","meta":{"footnotes":""},"categories":[56,39,40],"tags":[],"class_list":["post-125420","post","type-post","status-publish","format-standard","has-post-thumbnail","","category-finance","category-stock-market","category-nacionales"],"_links":{"self":[{"href":"https:\/\/laregionsur.com\/index.php?rest_route=\/wp\/v2\/posts\/125420","targetHints":{"allow":["GET"]}}],"collection":[{"href":"https:\/\/laregionsur.com\/index.php?rest_route=\/wp\/v2\/posts"}],"about":[{"href":"https:\/\/laregionsur.com\/index.php?rest_route=\/wp\/v2\/types\/post"}],"author":[{"embeddable":true,"href":"https:\/\/laregionsur.com\/index.php?rest_route=\/wp\/v2\/users\/1"}],"replies":[{"embeddable":true,"href":"https:\/\/laregionsur.com\/index.php?rest_route=%2Fwp%2Fv2%2Fcomments&post=125420"}],"version-history":[{"count":0,"href":"https:\/\/laregionsur.com\/index.php?rest_route=\/wp\/v2\/posts\/125420\/revisions"}],"wp:featuredmedia":[{"embeddable":true,"href":"https:\/\/laregionsur.com\/index.php?rest_route=\/"}],"wp:attachment":[{"href":"https:\/\/laregionsur.com\/index.php?rest_route=%2Fwp%2Fv2%2Fmedia&parent=125420"}],"wp:term":[{"taxonomy":"category","embeddable":true,"href":"https:\/\/laregionsur.com\/index.php?rest_route=%2Fwp%2Fv2%2Fcategories&post=125420"},{"taxonomy":"post_tag","embeddable":true,"href":"https:\/\/laregionsur.com\/index.php?rest_route=%2Fwp%2Fv2%2Ftags&post=125420"}],"curies":[{"name":"wp","href":"https:\/\/api.w.org\/{rel}","templated":true}]}}