{"id":125396,"date":"2022-12-10T11:29:24","date_gmt":"2022-12-10T16:29:24","guid":{"rendered":"https:\/\/laregionsur.com\/?p=125396"},"modified":"2022-12-10T11:29:24","modified_gmt":"2022-12-10T16:29:24","slug":"spcc-encendio-luces-navidenas-con-recital-de-villancicos-interpretados-por-ninos-de-sinfonia-por-el-peru","status":"publish","type":"post","link":"https:\/\/laregionsur.com\/?p=125396","title":{"rendered":"SPCC ENCENDI\u00d3 LUCES NAVIDE\u00d1AS CON RECITAL DE VILLANCICOS INTERPRETADOS POR NI\u00d1OS DE \u2018SINFON\u00cdA POR EL PER\u00da\u2019"},"content":{"rendered":"<div class=\"page\" data-page-number=\"1\" data-loaded=\"true\">\n<div class=\"textLayer\">SOUTHERN PER\u00da ENCENDI\u00d3 LUCES NAVIDE\u00d1AS CON RECITAL DE VILLANCICOS INTERPRETADOS POR NI\u00d1OS DE\u00a0 \u2018SINFON\u00cdA POR EL PER\u00da\u2019<\/div>\n<div><\/div>\n<div class=\"textLayer\">\u2022Presentaciones se realizaron en Ilo, Moquegua y hoy en Torata.<\/div>\n<div><\/div>\n<div class=\"textLayer\">Peri\u00f3dico Digital La Regi\u00f3n Sur 10 diciembre 2022.- Un hermoso recital de villancicos interpretados por las voces dulces de ni\u00f1os que integran el programa \u201cSinfon\u00eda por el Per\u00fa\u201d, acompa\u00f1\u00f3 el encendido de luces de las iglesias de Ilo y Moquegua y hoy har\u00e1n lo propio en el distrito de Torata\u00a0 (Mariscal Nieto). Las actividades previas a la Noche Buena tienen como objetivo transmitir un mensaje de paz y esperanza a la poblaci\u00f3n. El tradicional encendido de luces se inici\u00f3 el \u00faltimo jueves en la iglesia San Jer\u00f3nimo de Ilo y estuvo a cargo del Director de Operaciones de Southern Per\u00fa Ilo, Ing. Manuel Mungu\u00eda Aguirre, acompa\u00f1ado del alcalde provincial Sr. Gerardo Carpio.<\/div>\n<div class=\"textLayer\">Continu\u00f3 el viernes en la Co Catedral Santo Domingo de Moquegua donde se instalaron, hasta 48 metros de altura de luces tipo led y ne\u00f3n de bajo consumo energ\u00e9tico, que incluyeron luces y torres. Previamente se ofici\u00f3 una acci\u00f3n lit\u00fargica a cargo del obispo auxiliar de Tacna y Moquegua, Rvdo. Juan Carlos Asqui, quien hizo un llamado a la poblaci\u00f3n a preparar sus corazones para la navidad y destac\u00f3 el importante aporte de Southern Per\u00fa en la iluminaci\u00f3n de la Co Catedral.<\/div>\n<div class=\"textLayer\">En Moquegua el encendido de luces estuvo a cargo del director de Operaciones de Southern Per\u00fa Cuajone, Ing. Marco Antonio Figueroa Quijada, quien hizo un llamado a reflexionar en estas fechas y vivir la navidad con alegr\u00eda, uni\u00f3n y buenos prop\u00f3sitos.<\/div>\n<div class=\"textLayer\">La iluminaci\u00f3n de las iglesias estuvo acompa\u00f1ada de hermosos recitales de villancicos y temas navide\u00f1os que interpretaron ni\u00f1os, ni\u00f1as y adolescentes del programa Sinfon\u00eda por el Per\u00fa que reciben formaci\u00f3n musical con auspicio de Southern Per\u00fa. Los menores que integran el ensamble de cuerdas junto a ni\u00f1os que conforman el kinder,\u00a0 el coro infantil y juvenil del N\u00facleo Ilo, as\u00ed como el grupo Puro Per\u00fa (zampo\u00f1as) del m\u00f3dulo Torata; deleitaron al p\u00fablico que a la iglesia San Jer\u00f3nimo de Ilo y la Co Catedral Santo Domingo, donde interpretaron temas como \u201cUn viaje con santa\u201d, \u201cCholito Jes\u00fas\u201d, Obertura Willian Tell\u201d,\u00a0 \u201cThe lord Bless you and keep you\u201d, \u201cRodolfo el Reno\u201d, entre otros.<\/div>\n<div class=\"textLayer\">Esta es la primera vez que el programa de encendido en las iglesias se realiz\u00f3 acompa\u00f1ado de un recital musical que contagi\u00f3 el esp\u00edritu navide\u00f1o. Como se sabe en Arequipa, Moquegua y Tacna, el programa Sinfon\u00eda por el Per\u00fa cuenta con 3 n\u00facleos y 3 m\u00f3dulos, en los cuales se forman musicalmente 1300 ni\u00f1os, ni\u00f1as y adolescentes, con el auspicio de Southern\u00a0 Per\u00fa. En el distrito de Torata, se encuentra en formaci\u00f3n un coro infantil y juvenil del que cuenta con 25 beneficiarios y un Puro Per\u00fa (zampo\u00f1as) con 25 beneficiarios.<\/div>\n<div class=\"textLayer\">En Ilo el programa forma a 30 beneficiarios del coro infantil y juvenil, 45 menores del ensamble de cuerdas, 28 ni\u00f1os de Puro Per\u00fa (zampo\u00f1as) y 15 beneficiarios de k\u00ednder.<\/div>\n<div class=\"textLayer\">EL DATO<\/div>\n<div class=\"textLayer\">SINFON\u00cdA: Sinfon\u00eda por el Per\u00fa es una organizaci\u00f3n sin fines de lucro liderada por Juan Diego Fl\u00f3rez, que promueve desde hace 11a\u00f1os en el pa\u00eds, procesos de transformaci\u00f3n social mediante la ense\u00f1anza colectiva de m\u00fasica. Los beneficiarios reciben una formaci\u00f3n orientada a incentivar sus habilidades art\u00edsticas y, con el soporte familiar, fortalecen sus valores morales, c\u00edvicos y ciudadanos.<\/div>\n<div class=\"textLayer\">TORATA:<\/div>\n<div class=\"textLayer\">En la iglesia San Agust\u00edn de Torata tambi\u00e9n se encendieron luces con similares caracter\u00edsticas y se brind\u00f3 un nuevo recital de Sinfon\u00eda por el Per\u00fa.<\/div>\n<div><img loading=\"lazy\" decoding=\"async\" class=\"alignnone size-medium wp-image-125398\" src=\"https:\/\/laregionsur.com\/wp-content\/uploads\/2022\/12\/1-300x201.jpg\" alt=\"\" width=\"300\" height=\"201\" \/> <img loading=\"lazy\" decoding=\"async\" class=\"alignnone size-medium wp-image-125399\" src=\"https:\/\/laregionsur.com\/wp-content\/uploads\/2022\/12\/2-300x200.jpg\" alt=\"\" width=\"300\" height=\"200\" \/> <img loading=\"lazy\" decoding=\"async\" class=\"alignnone size-medium wp-image-125400\" src=\"https:\/\/laregionsur.com\/wp-content\/uploads\/2022\/12\/3-300x198.jpg\" alt=\"\" width=\"300\" height=\"198\" \/> <img loading=\"lazy\" decoding=\"async\" class=\"alignnone size-medium wp-image-125401\" src=\"https:\/\/laregionsur.com\/wp-content\/uploads\/2022\/12\/4-300x225.jpg\" alt=\"\" width=\"300\" height=\"225\" \/> <img loading=\"lazy\" decoding=\"async\" class=\"alignnone size-medium wp-image-125402\" src=\"https:\/\/laregionsur.com\/wp-content\/uploads\/2022\/12\/5-1-300x200.jpg\" alt=\"\" width=\"300\" height=\"200\" \/> <img loading=\"lazy\" decoding=\"async\" class=\"alignnone size-medium wp-image-125403\" src=\"https:\/\/laregionsur.com\/wp-content\/uploads\/2022\/12\/6-300x200.jpg\" alt=\"\" width=\"300\" height=\"200\" \/> <img loading=\"lazy\" decoding=\"async\" class=\"alignnone size-medium wp-image-125404\" src=\"https:\/\/laregionsur.com\/wp-content\/uploads\/2022\/12\/7-300x200.jpg\" alt=\"\" width=\"300\" height=\"200\" \/> <img loading=\"lazy\" decoding=\"async\" class=\"alignnone size-medium wp-image-125405\" src=\"https:\/\/laregionsur.com\/wp-content\/uploads\/2022\/12\/8-300x200.jpg\" alt=\"\" width=\"300\" height=\"200\" \/> <img loading=\"lazy\" decoding=\"async\" class=\"alignnone size-medium wp-image-125406\" src=\"https:\/\/laregionsur.com\/wp-content\/uploads\/2022\/12\/9-300x200.jpg\" alt=\"\" width=\"300\" height=\"200\" \/> <img loading=\"lazy\" decoding=\"async\" class=\"alignnone size-medium wp-image-125407\" src=\"https:\/\/laregionsur.com\/wp-content\/uploads\/2022\/12\/10-300x200.jpg\" alt=\"\" width=\"300\" height=\"200\" \/> <img loading=\"lazy\" decoding=\"async\" class=\"alignnone size-medium wp-image-125408\" src=\"https:\/\/laregionsur.com\/wp-content\/uploads\/2022\/12\/11-300x200.jpg\" alt=\"\" width=\"300\" height=\"200\" \/> <img loading=\"lazy\" decoding=\"async\" class=\"alignnone size-medium wp-image-125409\" src=\"https:\/\/laregionsur.com\/wp-content\/uploads\/2022\/12\/12-300x200.jpg\" alt=\"\" width=\"300\" height=\"200\" \/><\/div>\n<div><\/div>\n<\/div>\n","protected":false},"excerpt":{"rendered":"<p>SOUTHERN PER\u00da ENCENDI\u00d3 LUCES NAVIDE\u00d1AS CON RECITAL DE VILLANCICOS INTERPRETADOS POR NI\u00d1OS DE\u00a0 \u2018SINFON\u00cdA POR EL PER\u00da\u2019 \u2022Presentaciones se realizaron en Ilo, Moquegua y hoy en Torata. Peri\u00f3dico Digital La Regi\u00f3n Sur 10 diciembre 2022.- Un hermoso recital de villancicos interpretados por las voces dulces de ni\u00f1os que integran el programa \u201cSinfon\u00eda por el Per\u00fa\u201d, &hellip;<\/p>\n","protected":false},"author":1,"featured_media":125397,"comment_status":"open","ping_status":"open","sticky":false,"template":"","format":"standard","meta":{"footnotes":""},"categories":[56,39,40],"tags":[],"class_list":["post-125396","post","type-post","status-publish","format-standard","has-post-thumbnail","","category-finance","category-stock-market","category-nacionales"],"_links":{"self":[{"href":"https:\/\/laregionsur.com\/index.php?rest_route=\/wp\/v2\/posts\/125396","targetHints":{"allow":["GET"]}}],"collection":[{"href":"https:\/\/laregionsur.com\/index.php?rest_route=\/wp\/v2\/posts"}],"about":[{"href":"https:\/\/laregionsur.com\/index.php?rest_route=\/wp\/v2\/types\/post"}],"author":[{"embeddable":true,"href":"https:\/\/laregionsur.com\/index.php?rest_route=\/wp\/v2\/users\/1"}],"replies":[{"embeddable":true,"href":"https:\/\/laregionsur.com\/index.php?rest_route=%2Fwp%2Fv2%2Fcomments&post=125396"}],"version-history":[{"count":0,"href":"https:\/\/laregionsur.com\/index.php?rest_route=\/wp\/v2\/posts\/125396\/revisions"}],"wp:featuredmedia":[{"embeddable":true,"href":"https:\/\/laregionsur.com\/index.php?rest_route=\/"}],"wp:attachment":[{"href":"https:\/\/laregionsur.com\/index.php?rest_route=%2Fwp%2Fv2%2Fmedia&parent=125396"}],"wp:term":[{"taxonomy":"category","embeddable":true,"href":"https:\/\/laregionsur.com\/index.php?rest_route=%2Fwp%2Fv2%2Fcategories&post=125396"},{"taxonomy":"post_tag","embeddable":true,"href":"https:\/\/laregionsur.com\/index.php?rest_route=%2Fwp%2Fv2%2Ftags&post=125396"}],"curies":[{"name":"wp","href":"https:\/\/api.w.org\/{rel}","templated":true}]}}