{"id":125374,"date":"2022-12-07T19:00:01","date_gmt":"2022-12-08T00:00:01","guid":{"rendered":"https:\/\/laregionsur.com\/?p=125374"},"modified":"2022-12-07T19:00:01","modified_gmt":"2022-12-08T00:00:01","slug":"dina-boluarte-es-la-primera-presidenta-de-la-republica-tras-la-vacancia-de-pedro-castillo","status":"publish","type":"post","link":"https:\/\/laregionsur.com\/?p=125374","title":{"rendered":"Dina Boluarte  es la primera presidenta de la Rep\u00fablica, tras la vacancia de Pedro Castillo"},"content":{"rendered":"<p>Dina Boluarte es la primera presidenta de la Rep\u00fablica, tras la vacancia de Pedro Castillo<\/p>\n<ul>\n<li>Luego de un intento de golpe de Estado y posterior vacancia de Pedro Castillo, Dina Boluarte se convirti\u00f3 en la primera presidenta mujer del Per\u00fa.<\/li>\n<\/ul>\n<p>&nbsp;<\/p>\n<p>Peri\u00f3dico Digital La Regi\u00f3n Sur, 7 diciembre 2022.- \u00a0Dina Ercilia Boluarte Zegarra jur\u00f3 como nueva presidenta de la Rep\u00fablica,\u00a0luego de que Pedro Castilo Terrones fuera vacado en el pleno del Congreso convirti\u00e9ndose as\u00ed en la Primera Mujer que llega al Gobierno, luego de la vacancia del presidente,<\/p>\n<p>As\u00ed, Boluarte Zegarra es la primera mujer en asumir el cargo\u00a0que corresponde a la m\u00e1s alta magistratura de la Naci\u00f3n.<\/p>\n<p>LO QUE DIJO DINA<\/p>\n<p>\u00abSiendo consciente de la enorme responsabilidad que me toca, mi primera invocaci\u00f3n, como no pod\u00eda ser de otra manera, es convocar a la m\u00e1s amplia unidad de todas y todos los peruanos. Se\u00f1ores, conversar, dialogar, como ponernos de acuerdo (es) algo tan sencillo como tan impracticable en los \u00faltimos meses. Convoco por ello a un amplio proceso de di\u00e1logo entre todas las fuerzas pol\u00edticas representadas o no en el Congreso\u00bb, dijo en sus primeras palabras como presidenta.<\/p>\n<p>Como se recuerda, Boluarte, quien adem\u00e1s de vicepresidenta se hab\u00eda mantenido como titular del\u00a0Ministerio de Desarrollo e Inclusi\u00f3n Social desde el inicio de la gesti\u00f3n de Castillo, decidi\u00f3 no asumir ning\u00fan ministerio y dar un paso al costado en la \u00faltima renovaci\u00f3n del gabinete.<\/p>\n<p>Tras el intento fallido de golpe de Estado que\u00a0pretendi\u00f3 ejecutar el exmandatario Pedro Castillo, Dina Boluarte deslind\u00f3 del accionar del exmandatario y conden\u00f3 que haya pretendido cerrar de manera inconstitucional el Congreso de la Rep\u00fablica.<\/p>\n<p>\u00abRechazo la decisi\u00f3n de Pedro Castillo de perpetrar el quiebre del orden constitucional con el cierre del Congreso. Se trata de un golpe de Estado que agrava la crisis pol\u00edtica e institucional que la sociedad peruana tendr\u00e1 que superar con estricto apego a la ley\u00bb, escribi\u00f3 en su cuenta oficial de Twitter.<\/p>\n<p>&nbsp;<\/p>\n","protected":false},"excerpt":{"rendered":"<p>Dina Boluarte es la primera presidenta de la Rep\u00fablica, tras la vacancia de Pedro Castillo Luego de un intento de golpe de Estado y posterior vacancia de Pedro Castillo, Dina Boluarte se convirti\u00f3 en la primera presidenta mujer del Per\u00fa. &nbsp; Peri\u00f3dico Digital La Regi\u00f3n Sur, 7 diciembre 2022.- \u00a0Dina Ercilia Boluarte Zegarra jur\u00f3 como &hellip;<\/p>\n","protected":false},"author":1,"featured_media":125376,"comment_status":"open","ping_status":"open","sticky":false,"template":"","format":"standard","meta":{"footnotes":""},"categories":[39,40],"tags":[],"class_list":["post-125374","post","type-post","status-publish","format-standard","has-post-thumbnail","","category-stock-market","category-nacionales"],"_links":{"self":[{"href":"https:\/\/laregionsur.com\/index.php?rest_route=\/wp\/v2\/posts\/125374","targetHints":{"allow":["GET"]}}],"collection":[{"href":"https:\/\/laregionsur.com\/index.php?rest_route=\/wp\/v2\/posts"}],"about":[{"href":"https:\/\/laregionsur.com\/index.php?rest_route=\/wp\/v2\/types\/post"}],"author":[{"embeddable":true,"href":"https:\/\/laregionsur.com\/index.php?rest_route=\/wp\/v2\/users\/1"}],"replies":[{"embeddable":true,"href":"https:\/\/laregionsur.com\/index.php?rest_route=%2Fwp%2Fv2%2Fcomments&post=125374"}],"version-history":[{"count":0,"href":"https:\/\/laregionsur.com\/index.php?rest_route=\/wp\/v2\/posts\/125374\/revisions"}],"wp:featuredmedia":[{"embeddable":true,"href":"https:\/\/laregionsur.com\/index.php?rest_route=\/"}],"wp:attachment":[{"href":"https:\/\/laregionsur.com\/index.php?rest_route=%2Fwp%2Fv2%2Fmedia&parent=125374"}],"wp:term":[{"taxonomy":"category","embeddable":true,"href":"https:\/\/laregionsur.com\/index.php?rest_route=%2Fwp%2Fv2%2Fcategories&post=125374"},{"taxonomy":"post_tag","embeddable":true,"href":"https:\/\/laregionsur.com\/index.php?rest_route=%2Fwp%2Fv2%2Ftags&post=125374"}],"curies":[{"name":"wp","href":"https:\/\/api.w.org\/{rel}","templated":true}]}}