{"id":125108,"date":"2022-11-08T16:57:52","date_gmt":"2022-11-08T21:57:52","guid":{"rendered":"https:\/\/laregionsur.com\/?p=125108"},"modified":"2022-11-08T16:57:52","modified_gmt":"2022-11-08T21:57:52","slug":"del-17-al-19-de-noviembre-se-realizara-primer-festival-de-teatro-escolar-en-moquegua","status":"publish","type":"post","link":"https:\/\/laregionsur.com\/?p=125108","title":{"rendered":"DEL 17 AL 19 DE NOVIEMBRE SE REALIZAR\u00c1 \u201cPRIMER FESTIVAL DE  TEATRO ESCOLAR\u201d EN MOQUEGUA."},"content":{"rendered":"<p>DEL 17 AL 19 DE NOVIEMBRE SE REALIZAR\u00c1 \u201cPRIMER FESTIVAL DE<\/p>\n<p>TEATRO ESCOLAR\u201d EN MOQUEGUA.<\/p>\n<p>&nbsp;<\/p>\n<ul>\n<li>Organizado por el programa \u201cYo tengo talento\u201d de Southern Per\u00fa y la Direcci\u00f3n Desconcentrada de Cultura de Moquegua.<\/li>\n<\/ul>\n<p>Peri\u00f3dico Digital La Regi\u00f3n Sur, 08 noviembre 2022.- En coordinaci\u00f3n con la Direcci\u00f3n Desconcentrada de Cultura de Moquegua, Southern Per\u00fa organiza el Primer Festival de teatro Escolar 2022 en Moquegua que se desarrollar\u00e1 entre el 17 y 19 de noviembre pr\u00f3ximo, en la ciudad de Moquegua.<\/p>\n<p>Participar\u00e1n escolares de seis instituciones educativas, que son formados en artes esc\u00e9nicas por el programa \u201cYo tengo talento\u201d promovido por Southern Per\u00fa.<\/p>\n<p>Estas son: I.E. Jos\u00e9 Carlos Mari\u00e1tegui (Torata), Vidal Herrera D\u00edaz (Yacango), I.E. Tumilaca y los colegios Sim\u00f3n Bol\u00edvar, Luis E. Pinto, Rafael D\u00edaz y Manuel C. de la Torre de Moquegua.<\/p>\n<p>Las presentaciones que, contar\u00e1n adem\u00e1s con la participaci\u00f3n de la Orquesta de c\u00e1mara de Moque-gua, apunta a fortalecer la pr\u00e1ctica de las artes esc\u00e9nicas en los colegios.<\/p>\n<p>El Festival totalmente gratuito, tendr\u00e1 lugar en el auditorio de la Instituci\u00f3n Educativa Emblem\u00e1tica \u201cSim\u00f3n Bol\u00edvar\u201d donde los menores interpretar\u00e1n obras como: La Estrella de mar, El Libro de la Selva, Romeo y Julieta versi\u00f3n libre, El Quijote de la mancha, Todo por un boleto, Cenicienta, Los Cerros, Los Gallinazos sin plumas, Cita a Ciegas, entre otros, aptos para todas las edades.<\/p>\n<p>El programa \u201cYo tengo talento\u201d viene formando desde hace cuatro meses a un centenar menores de nivel secundario.<\/p>\n<p>TALLERES GRATUITOS<\/p>\n<p>Junto al festival se desarrollar\u00e1n dos talleres de teatro el s\u00e1bado 19 y domingo 20 de noviembre; uno dirigido a docentes y el otro a escolares, respectivamente. \u00a0\u00c9stos ser\u00e1n totalmente libres y certificados por la DDC de Moquegua.<\/p>\n<p><img loading=\"lazy\" decoding=\"async\" class=\"alignnone size-medium wp-image-125110\" src=\"https:\/\/laregionsur.com\/wp-content\/uploads\/2022\/11\/TAL-1-300x214.jpg\" alt=\"\" width=\"300\" height=\"214\" \/> <img loading=\"lazy\" decoding=\"async\" class=\"alignnone size-medium wp-image-125111\" src=\"https:\/\/laregionsur.com\/wp-content\/uploads\/2022\/11\/TAL-2-300x233.jpg\" alt=\"\" width=\"300\" height=\"233\" \/> <img loading=\"lazy\" decoding=\"async\" class=\"alignnone size-medium wp-image-125112\" src=\"https:\/\/laregionsur.com\/wp-content\/uploads\/2022\/11\/TAL-3-1-300x175.jpg\" alt=\"\" width=\"300\" height=\"175\" \/> <img loading=\"lazy\" decoding=\"async\" class=\"alignnone size-medium wp-image-125113\" src=\"https:\/\/laregionsur.com\/wp-content\/uploads\/2022\/11\/TAL-4-300x183.jpg\" alt=\"\" width=\"300\" height=\"183\" \/><\/p>\n<p>&nbsp;<\/p>\n","protected":false},"excerpt":{"rendered":"<p>DEL 17 AL 19 DE NOVIEMBRE SE REALIZAR\u00c1 \u201cPRIMER FESTIVAL DE TEATRO ESCOLAR\u201d EN MOQUEGUA. &nbsp; Organizado por el programa \u201cYo tengo talento\u201d de Southern Per\u00fa y la Direcci\u00f3n Desconcentrada de Cultura de Moquegua. Peri\u00f3dico Digital La Regi\u00f3n Sur, 08 noviembre 2022.- En coordinaci\u00f3n con la Direcci\u00f3n Desconcentrada de Cultura de Moquegua, Southern Per\u00fa organiza &hellip;<\/p>\n","protected":false},"author":1,"featured_media":125109,"comment_status":"open","ping_status":"open","sticky":false,"template":"","format":"standard","meta":{"footnotes":""},"categories":[56,39],"tags":[],"class_list":["post-125108","post","type-post","status-publish","format-standard","has-post-thumbnail","","category-finance","category-stock-market"],"_links":{"self":[{"href":"https:\/\/laregionsur.com\/index.php?rest_route=\/wp\/v2\/posts\/125108","targetHints":{"allow":["GET"]}}],"collection":[{"href":"https:\/\/laregionsur.com\/index.php?rest_route=\/wp\/v2\/posts"}],"about":[{"href":"https:\/\/laregionsur.com\/index.php?rest_route=\/wp\/v2\/types\/post"}],"author":[{"embeddable":true,"href":"https:\/\/laregionsur.com\/index.php?rest_route=\/wp\/v2\/users\/1"}],"replies":[{"embeddable":true,"href":"https:\/\/laregionsur.com\/index.php?rest_route=%2Fwp%2Fv2%2Fcomments&post=125108"}],"version-history":[{"count":0,"href":"https:\/\/laregionsur.com\/index.php?rest_route=\/wp\/v2\/posts\/125108\/revisions"}],"wp:featuredmedia":[{"embeddable":true,"href":"https:\/\/laregionsur.com\/index.php?rest_route=\/"}],"wp:attachment":[{"href":"https:\/\/laregionsur.com\/index.php?rest_route=%2Fwp%2Fv2%2Fmedia&parent=125108"}],"wp:term":[{"taxonomy":"category","embeddable":true,"href":"https:\/\/laregionsur.com\/index.php?rest_route=%2Fwp%2Fv2%2Fcategories&post=125108"},{"taxonomy":"post_tag","embeddable":true,"href":"https:\/\/laregionsur.com\/index.php?rest_route=%2Fwp%2Fv2%2Ftags&post=125108"}],"curies":[{"name":"wp","href":"https:\/\/api.w.org\/{rel}","templated":true}]}}