{"id":125085,"date":"2022-11-07T06:12:29","date_gmt":"2022-11-07T11:12:29","guid":{"rendered":"https:\/\/laregionsur.com\/?p=125085"},"modified":"2022-11-07T06:12:29","modified_gmt":"2022-11-07T11:12:29","slug":"luis-trigoso-enterraremos-las-viejas-politicas","status":"publish","type":"post","link":"https:\/\/laregionsur.com\/?p=125085","title":{"rendered":"LUIS TRIGOSO: Somos parte de una nueva generaci\u00f3n y queremos desterrar viejas pol\u00edticas"},"content":{"rendered":"<p>LUIS TRIGOSO: Somos parte de una nueva generaci\u00f3n y queremos desterrar viejas pol\u00edticas<\/p>\n<p><strong><em>\u00a0<\/em><\/strong><\/p>\n<p><strong><em>\u201cSomos j\u00f3venes que pensamos diferente y formamos parte de una nueva \u00a0generaci\u00f3n que queremos hacer pol\u00edtica, sana, honesta, dejando atr\u00e1s viejas costumbres de viejos pol\u00edticos que con guerra sucia solo ahuyentan a\u00a0 los j\u00f3venes que vienen con nuevas alternativas de desarrollo, queremos enterrar viejas pol\u00edticas con nuevas propuestas\u201d.<\/em><\/strong><\/p>\n<p>&nbsp;<\/p>\n<p>Escribe: Enrique Lazo Flores<\/p>\n<p>Peri\u00f3dico Digital La Regi\u00f3n Sur 06 noviembre 2022.- El economista Luis Trigoso Palao, haciendo un alto en su agitada agenda de campa\u00f1a electoral para la segunda vuelta, con miras a llegar al Gobierno Regional de Moquegua de la mano de la abogada Gilda Guti\u00e9rrez, habl\u00f3 con este columnista sobre el momento que viene atravesando la juventud moqueguana, sobre todo, la juventud ile\u00f1a en esta segunda vuelta de la campa\u00f1a electoral regional, en esta entrevista habl\u00f3 claro, fuerte y sin tapujos, sobre el papel protag\u00f3nico que debe jugar los j\u00f3venes de hoy, en estos momentos decisivos donde se hace imperativo el cambio de rumbo de la pol\u00edtica en el pa\u00eds, siendo la juventud la esperanza de esos cambios que se requiere y no ahuyentarlos.<\/p>\n<p><strong>QU\u00c9 OPINAS SOBRE LA GUERRA SUCIA? <\/strong><\/p>\n<p>\u201cEn este momento el panorama pol\u00edtico no es bueno para los j\u00f3venes, vemos que hay mucha discriminaci\u00f3n hacia la juventud, las viejas costumbres de viejos pol\u00edticos est\u00e1n haciendo da\u00f1o a los j\u00f3venes que quieren incursionar en la pol\u00edtica, en ese sentido Gilia y yo queremos poner fin a estas viejas costumbres que lo \u00fanico que hacen con la guerra sucia es ahuyentar a los j\u00f3venes que quieren hacer algo por su distrito por su provincia, por su regi\u00f3n, queremos enterrar esas viejas pr\u00e1cticas pol\u00edticas\u201d.<\/p>\n<p><strong>QU\u00c9 LES HA MOTIVADO ENTRAR EN POL\u00cdTICA?, <\/strong><\/p>\n<p>\u201cEl deseo de trabajar de manera conjunta, de manera transparente por el bienestar de la poblaci\u00f3n, es un reto que nos impulsa a seguir en este prop\u00f3sito, Justamente\u00a0 estar en esta campa\u00f1a electoral es una raz\u00f3n para darles una lecci\u00f3n a viejas costumbres de viejos pol\u00edticos, enterrarlos pol\u00edticamente y se vayan a descansar para dar paso a la nueva generaci\u00f3n pol\u00edtica de los j\u00f3venes quienes deseamos tomar las riendas, es por eso que a los ataques de guerra sucia nosotros respondemos con propuestas\u201d, finalmente ser\u00e1 el p\u00fablico elector quien nos d\u00e9 la raz\u00f3n.<\/p>\n<p><strong>ESPERAN ASISTIR A M\u00c1S DEBATES?<\/strong><\/p>\n<p>\u201cGilia y yo nos presentamos con nuevas propuestas, con ideas nuevas y nuevos proyectos, sabemos qu\u00e9 terreno pisamos porque tenemos conocimiento del aparato estatal, estamos en eso, porque vamos armando nuestras propuestas para estar en la mayor cantidad posible de debates donde podremos dar a\u00a0 conocer a la poblaci\u00f3n, sin hacer caso a la desinformaci\u00f3n que vierten con bastante mala intenci\u00f3n\u201d.<\/p>\n<p><strong>CUALES SON LAS NUEVAS PROPUESTAS?<\/strong><\/p>\n<p>\u201cPrimeramente debemos enfocarnos en los espacios perdidos como es el caso de las Lomas de Ilo, tenemos que recuperar su operatividad porque consideramos que ser\u00e1 una fuente de trabajo por lo menos se crear\u00e1n m\u00e1s de 7 mil puestos de trabajo asegurados, una vez que llegue el agua, vamos a destrabar todos los problemas que existen y ponerlos operativos para darle vida a este importante proyecto\u201d.<\/p>\n<p><strong>EN EL TEMA DE SALUD <\/strong><\/p>\n<p>\u201cNos enfocaremos y daremos prioridad a la construcci\u00f3n y ampliaci\u00f3n del nuevo hospital, porque el que tenemos ya pr\u00e1cticamente est\u00e1 colapsando estructuralmente, este hospital de la Pampa ha sido mal construido, existe un\u00a0 reciente informe t\u00e9cnico donde se se\u00f1ala que este hospital nunca debi\u00f3 construirse en ese sector, se ha demostrado que hubo una negligencia de parte de las autoridades de turno, la verdad no sabemos por qu\u00e9 se ha construido en ese lugar, donde no estaba permitido, en este momento hay filtraciones y rajaduras que ponen en peligro esa infraestructura\u201d.<\/p>\n<p><strong>ES VIABLE EL INSTITUTO REGIONAL ONCOL\u00d3GICO?<\/strong><\/p>\n<p>\u201cAprovechando tambi\u00e9n esta entrevista, quiero dar a conocer que hay una ley, la 35199 creo, que declara de inter\u00e9s nacional la creaci\u00f3n de Institutos Oncol\u00f3gicos, haremos las gestiones ante el MINSA. Con estad\u00edsticas, simplemente vamos a ir a sustentar en Lima para que Moquegua cuente con esta especialidad ya que tenemos el primer puesto con enfermedades de c\u00e1ncer al h\u00edgado, de pr\u00f3stata y esta clase de problemas los sustentaremos para que los pacientes de la regi\u00f3n Moquegua no sean derivados a otros lugares\u201d.<\/p>\n<p><strong>CONCURSO DE PLAZAS PARA M\u00c9DICOS,<\/strong><\/p>\n<p>\u201cAsimismo veremos internamente los problemas que hay como la negociaci\u00f3n\u00a0 colectiva de los m\u00e9dicos, los concursos de plazas, los nombramientos y ver tambi\u00e9n los temas presupuestales, de insumos para que el cuerpo m\u00e9dico pueda cumplir sus funciones a cabalidad y est\u00e9n al servicio del pueblo, de otro lado veremos que los establecimientos de salud de la regi\u00f3n, atiendan las 24 horas del d\u00eda, teniendo en cuenta que nuestro hospital de la regi\u00f3n hist\u00f3ricamente devuelve alrededor de 10 millones y la Regi\u00f3n de Ilo m\u00e1s o menos de dos a tres millones y all\u00ed vemos que hay una deficiente gesti\u00f3n presupuestaria\u201d.<\/p>\n<p>De otro lado haremos las gestiones de contraprestaci\u00f3n de los pacientes, para los que son del SIS, puedan atenderse en Essalud v\u00eda convenios y as\u00ed garantizar su atenci\u00f3n m\u00e9dica, eso pasa solo por la voluntad pol\u00edtica haciendo convenios con los sectores.<\/p>\n<p><strong>EN EL TEMA DE EDUCACI\u00d3N<\/strong><\/p>\n<p>\u201cLo dijimos con nombre propio, vamos a fortalecer a los Institutos T\u00e9cnicos de la regi\u00f3n, dentro de ello est\u00e1 el Instituto Tecnol\u00f3gico Superior,\u00a0 Luis E. Valc\u00e1rcel,\u00a0 y quiero aprovechar para \u201cexigir\u201d el Gobernador Zen\u00f3n Cueva, para que ordene las asignaciones presupuestarias y se ampl\u00ede de los 500 a un mill\u00f3n de soles para dar inicio ya a la construcci\u00f3n, asimismo se haga una mesa de trabajo con los dirigentes estudiantiles, la directora y docentes para garantizar la apertura de las clases porque no pueden perder el a\u00f1o\u201d.<\/p>\n<p>\u201cAsimismo hago un llamado a los alumnos como un ciudadano m\u00e1s, que no se politice sus reclamos, que dialoguen, que concerten y que se aperturen de una vez las clases para que los alumnos no se perjudiquen\u201d.<\/p>\n<p><strong>ATENCION A LOS PESCADORES <\/strong><\/p>\n<p>Con los hermanos\u00a0 pescadores tenemos varios proyectos por realizar, y seguramente podremos aprovechar que tenemos el apoyo de una bancada en el congreso para sacar adelante proyectos como la cuota de pesca que favorecer\u00e1n\u00a0 a los pescadores artesanales, el tema de seguro social, la defensa de las cinco millas, acompa\u00f1aremos en todo lo que es temas normativos, impulsaremos para que el desembarcadero de Ilo sea el mejor complejo pesquero del Peru, con todos los servicios, operativizando la salud con la c\u00e1mara Hiperb\u00e1rica, para el beneficio de los pescadores y no dejar que semejante equipo se est\u00e9 apolillando\u201d,<\/p>\n<p>Somos conscientes que hay otros aspectos que debemos impulsar como el mejoramiento del Puerto, la puesta en funcionamiento de la petroqu\u00edmica, si bien es cierto que no es nuestra competencia, pero alguien debe hacerlo\u201d.<\/p>\n<p><strong>TRABAJAR\u00c1N POR LA VERDADERA DESCENTRALIZACI\u00d3N?<\/strong><\/p>\n<p>Tenemos la convicci\u00f3n de que debemos\u00a0 trabajar por la regi\u00f3n Moquegua de manera integral,\u00a0 por las tres provincias y en ese sentido impulsaremos que la distribuci\u00f3n Administrativa, Financiera y Presupuestal sea para las tres provincias, que la sede de la Sub Regi\u00f3n Ilo, no sea como una simple Mesa de Partes, sino, que sea una oficina con decisiones propias para sacar adelante a la provincia de Ilo, por lo tanto, No tendr\u00e1n en Luis Trigoso a un Vice Gobernador \u201cpelele\u201d, \u201cpusil\u00e1nime\u201d, sino a alguien que velar\u00e1 porque la provincia de Ilo tenga su presupuesto propio y no sea lo que ha sido hasta ahora, en resumen, trabajaremos por las tres provincias\u201d.<\/p>\n<p><strong>DESCENTRALIZARAN OFICINAS EN ILO?<\/strong><\/p>\n<p>\u201cNo es posible que en Ilo No tengamos oficinas de Direcciones Regionales, que deben funcionar en nuestra provincia, por lo tanto se trasladar\u00e1n las oficinas de transportes, porque no es posible que para sacar licencias de conducir u otras, tengamos que trasladarnos hasta Moquegua, activaremos en Ilo el CCR, que es un \u00f3rgano consultivo descentralizado porque no se ha trabajado de esa manera hasta este momento, coordinaremos con las municipalidades, no seremos como este gobierno que poco o nada hizo, daremos lineamientos al gobierno regional para dar impulso poniendo nuestro conocimiento y experiencia en estos temas para sacar adelante los destinos de nuestra regi\u00f3n\u201d.<\/p>\n<p><strong>FRONTERAS SEGURAS<\/strong><\/p>\n<p>\u201cTenemos que articular la seguridad ciudadana con el COPROSEC regional, tenemos un proyecto denominado \u201cFronteras Seguras\u201d liderado por el Gobierno Regional para trabajar con los sectores del Ministerio P\u00fablico, la Polic\u00eda Nacional, el Minsa, todos los sectores involucrados, exigiremos que las autoridades policiales cumplan con su plan de trabajo\u201d.<\/p>\n<p>Finalmente les digo a la Juventud ile\u00f1a, que Somos j\u00f3venes que pensamos diferente y formamos parte de una nueva\u00a0 generaci\u00f3n que queremos hacer pol\u00edtica, sana, honesta, dejando atr\u00e1s viejas costumbres de viejos pol\u00edticos que con guerra sucia solo ahuyentan a\u00a0 los j\u00f3venes que vienen con nuevas alternativas de desarrollo, queremos enterrar viejas pol\u00edticas con nuevas propuestas\u201d.<\/p>\n","protected":false},"excerpt":{"rendered":"<p>LUIS TRIGOSO: Somos parte de una nueva generaci\u00f3n y queremos desterrar viejas pol\u00edticas \u00a0 \u201cSomos j\u00f3venes que pensamos diferente y formamos parte de una nueva \u00a0generaci\u00f3n que queremos hacer pol\u00edtica, sana, honesta, dejando atr\u00e1s viejas costumbres de viejos pol\u00edticos que con guerra sucia solo ahuyentan a\u00a0 los j\u00f3venes que vienen con nuevas alternativas de desarrollo, &hellip;<\/p>\n","protected":false},"author":1,"featured_media":125086,"comment_status":"open","ping_status":"open","sticky":false,"template":"","format":"standard","meta":{"footnotes":""},"categories":[56,39,40],"tags":[],"class_list":["post-125085","post","type-post","status-publish","format-standard","has-post-thumbnail","","category-finance","category-stock-market","category-nacionales"],"_links":{"self":[{"href":"https:\/\/laregionsur.com\/index.php?rest_route=\/wp\/v2\/posts\/125085","targetHints":{"allow":["GET"]}}],"collection":[{"href":"https:\/\/laregionsur.com\/index.php?rest_route=\/wp\/v2\/posts"}],"about":[{"href":"https:\/\/laregionsur.com\/index.php?rest_route=\/wp\/v2\/types\/post"}],"author":[{"embeddable":true,"href":"https:\/\/laregionsur.com\/index.php?rest_route=\/wp\/v2\/users\/1"}],"replies":[{"embeddable":true,"href":"https:\/\/laregionsur.com\/index.php?rest_route=%2Fwp%2Fv2%2Fcomments&post=125085"}],"version-history":[{"count":0,"href":"https:\/\/laregionsur.com\/index.php?rest_route=\/wp\/v2\/posts\/125085\/revisions"}],"wp:featuredmedia":[{"embeddable":true,"href":"https:\/\/laregionsur.com\/index.php?rest_route=\/"}],"wp:attachment":[{"href":"https:\/\/laregionsur.com\/index.php?rest_route=%2Fwp%2Fv2%2Fmedia&parent=125085"}],"wp:term":[{"taxonomy":"category","embeddable":true,"href":"https:\/\/laregionsur.com\/index.php?rest_route=%2Fwp%2Fv2%2Fcategories&post=125085"},{"taxonomy":"post_tag","embeddable":true,"href":"https:\/\/laregionsur.com\/index.php?rest_route=%2Fwp%2Fv2%2Ftags&post=125085"}],"curies":[{"name":"wp","href":"https:\/\/api.w.org\/{rel}","templated":true}]}}