{"id":125020,"date":"2022-10-30T09:37:19","date_gmt":"2022-10-30T14:37:19","guid":{"rendered":"https:\/\/laregionsur.com\/?p=125020"},"modified":"2022-10-30T09:37:19","modified_gmt":"2022-10-30T14:37:19","slug":"jnj-provoca-incertidumbre-en-elecciones-en-el-poder-judicial","status":"publish","type":"post","link":"https:\/\/laregionsur.com\/?p=125020","title":{"rendered":"JNJ provoca incertidumbre en  elecciones en el Poder Judicial \u00a0"},"content":{"rendered":"<div class=\"viewsInteractions-DS-EntryPoint1-1\">\n<div class=\"viewsInteractionsCenter-DS-EntryPoint1-1 centerButtonSection-DS-EntryPoint1-1\">\n<div class=\"viewsInteractionsLeftSlot-DS-EntryPoint1-1\">\n<div class=\"mainContainer-DS-EntryPoint1-1\" data-t=\"{&quot;n&quot;:&quot;Socialbar&quot;,&quot;c.v&quot;:&quot;noticias&quot;,&quot;c.c&quot;:&quot;peru&quot;}\">\n<div class=\"contentSocialBarContainer-DS-EntryPoint1-1\">\n<div class=\"socialBarPanelContainer-DS-EntryPoint1-1 socialBarPanelContainer-DS-EntryPoint1-2\" data-t=\"{&quot;n&quot;:&quot;Reaction&quot;,&quot;t&quot;:11,&quot;c.i&quot;:&quot;AA13xjEm&quot;,&quot;c.t&quot;:13,&quot;c.v&quot;:&quot;noticias&quot;,&quot;c.c&quot;:&quot;peru&quot;}\">\n<p>JNJ provoca incertidumbre en<\/p>\n<p>elecciones en el Poder Judicial<\/p>\n<p>&nbsp;<\/p>\n<p>Peri\u00f3dico Digital La Regi\u00f3n Sur, 30 octubre 2022.- \u00a0Luego de interpretar su propio reglamento, la Junta Nacional de Justicia <a href=\"https:\/\/larepublica.pe\/politica\/judiciales\/2022\/10\/28\/elvia-barrios-junta-nacional-de-justicia-suspende-proceso-de-ratificacion\/\">decidi\u00f3 suspender la entrevista personal a la presidenta del Poder Judicial, Elvia Barrios Alvarado, prevista para este 2 de noviembre<\/a>, fase final de su proceso de ratificaci\u00f3n.<\/p>\n<p>Ahora no se sabe si se llegar\u00e1 a realizar ni cu\u00e1ndo. <a href=\"https:\/\/larepublica.pe\/politica\/judiciales\/2022\/10\/26\/elvia-barrios-presidenta-del-poder-judicial-es-citada-por-junta-nacional-de-justicia-para-evaluar-su-conducta-e-idoneidad-como-jueza-suprema\/\">Tambi\u00e9n se suspendieron las entrevistas al juez supremo Javier Ar\u00e9valo Vela<\/a> y al ex fiscal de la Naci\u00f3n Pablo S\u00e1nchez Velarde.<\/p>\n<p>Al d\u00eda de hoy, Ar\u00e9valo es uno de los candidatos a ser el pr\u00f3ximo presidente del PJ. Esta elecci\u00f3n est\u00e1 prevista para el jueves 1\u00b0 de diciembre.<\/p>\n<p>&nbsp;<\/p>\n<p>Los procedimientos de la JNJ, creada tras la crisis de \u201cLos Cuellos Blancos del Puerto\u201d, se han vuelto poco transparentes e impredecibles.<\/p>\n<p>La Junta convoc\u00f3 a entrevista personal de ratificaci\u00f3n a seis jueces titulares de la Corte Suprema. <a href=\"https:\/\/larepublica.pe\/politica\/judiciales\/2022\/10\/26\/corte-suprema-denuncia-presion-de-la-fiscalia-lava-jato-elvia-barrios-guillermo-thornberry-jnj-rafael-vela-tribunal-constitucional-pablo-sanchez\/\">La ratificaci\u00f3n es una evaluaci\u00f3n que se realiza cada siete a\u00f1os a todos los magistrados del pa\u00eds para decidir si son id\u00f3neos<\/a> para seguir administrando justicia.<\/p>\n<p>El desaparecido Consejo Nacional de la Magistratura <a href=\"https:\/\/larepublica.pe\/politica\/judiciales\/2022\/10\/27\/poder-judicial-la-justicia-en-riesgo-de-perder-su-independencia-patricia-benavides-jnj-ministerio-publico-jne\/\">siempre se cuid\u00f3 de que los procesos a su cargo no interfirieran con las elecciones internas del Poder Judicial<\/a>, a fin de no favorecer o desfavorecer a un determinado candidato.<\/p>\n<p>&nbsp;<\/p>\n<p>Eso no est\u00e1 pasando con la Junta, que ya fue clave en la elecci\u00f3n de la actual fiscal de la Naci\u00f3n, Patricia Benavides Vargas. Diversos magistrados consideran que esta vez la Junta tambi\u00e9n busca ser decisiva en la elecci\u00f3n del pr\u00f3ximo presidente del PJ. Fuente: LR. La Rep\u00fablica<\/p>\n<p>&nbsp;<\/p>\n<p>&nbsp;<\/p>\n<\/div>\n<\/div>\n<\/div>\n<\/div>\n<\/div>\n<\/div>\n<div class=\"articlePage_articleContentContainer-DS-EntryPoint1-1\">\n<div class=\"articlePage_contentWrapper-DS-EntryPoint1-1 articlePage_contentWrapper_reducedMargin-DS-EntryPoint1-1\">\n<div class=\"articlePage_absoluteContentWrapper-DS-EntryPoint1-1\">\n<div data-t=\"{&quot;n&quot;:&quot;ArticleBody&quot;,&quot;t&quot;:13}\">\n<div role=\"main\">\n<section class=\"articlePage_section-DS-EntryPoint1-1 articlePageBodySection articlePage_section_continueReading-DS-EntryPoint1-1 \" data-col=\"c4\">\n<article>\n<div class=\"views-article-body articlePage_body-DS-EntryPoint1-1\" data-test-id=\"test-article\">\n<p class=\"continue-read-break\" data-t=\"{&quot;n&quot;:&quot;blueLinks&quot;}\">\n<\/div>\n<\/article>\n<\/section>\n<\/div>\n<\/div>\n<\/div>\n<\/div>\n<\/div>\n","protected":false},"excerpt":{"rendered":"<p>JNJ provoca incertidumbre en elecciones en el Poder Judicial &nbsp; Peri\u00f3dico Digital La Regi\u00f3n Sur, 30 octubre 2022.- \u00a0Luego de interpretar su propio reglamento, la Junta Nacional de Justicia decidi\u00f3 suspender la entrevista personal a la presidenta del Poder Judicial, Elvia Barrios Alvarado, prevista para este 2 de noviembre, fase final de su proceso de &hellip;<\/p>\n","protected":false},"author":1,"featured_media":125021,"comment_status":"open","ping_status":"open","sticky":false,"template":"","format":"standard","meta":{"footnotes":""},"categories":[40],"tags":[],"class_list":["post-125020","post","type-post","status-publish","format-standard","has-post-thumbnail","","category-nacionales"],"_links":{"self":[{"href":"https:\/\/laregionsur.com\/index.php?rest_route=\/wp\/v2\/posts\/125020","targetHints":{"allow":["GET"]}}],"collection":[{"href":"https:\/\/laregionsur.com\/index.php?rest_route=\/wp\/v2\/posts"}],"about":[{"href":"https:\/\/laregionsur.com\/index.php?rest_route=\/wp\/v2\/types\/post"}],"author":[{"embeddable":true,"href":"https:\/\/laregionsur.com\/index.php?rest_route=\/wp\/v2\/users\/1"}],"replies":[{"embeddable":true,"href":"https:\/\/laregionsur.com\/index.php?rest_route=%2Fwp%2Fv2%2Fcomments&post=125020"}],"version-history":[{"count":0,"href":"https:\/\/laregionsur.com\/index.php?rest_route=\/wp\/v2\/posts\/125020\/revisions"}],"wp:featuredmedia":[{"embeddable":true,"href":"https:\/\/laregionsur.com\/index.php?rest_route=\/"}],"wp:attachment":[{"href":"https:\/\/laregionsur.com\/index.php?rest_route=%2Fwp%2Fv2%2Fmedia&parent=125020"}],"wp:term":[{"taxonomy":"category","embeddable":true,"href":"https:\/\/laregionsur.com\/index.php?rest_route=%2Fwp%2Fv2%2Fcategories&post=125020"},{"taxonomy":"post_tag","embeddable":true,"href":"https:\/\/laregionsur.com\/index.php?rest_route=%2Fwp%2Fv2%2Ftags&post=125020"}],"curies":[{"name":"wp","href":"https:\/\/api.w.org\/{rel}","templated":true}]}}