{"id":124877,"date":"2022-10-21T09:39:16","date_gmt":"2022-10-21T14:39:16","guid":{"rendered":"https:\/\/laregionsur.com\/?p=124877"},"modified":"2022-10-21T09:39:16","modified_gmt":"2022-10-21T14:39:16","slug":"124877","status":"publish","type":"post","link":"https:\/\/laregionsur.com\/?p=124877","title":{"rendered":"EN III CEREMONIA DE COLACI\u00d3N, UNAM ENTREGA  6 T\u00cdTULOS PROFESIONALES Y 29 BACHILLERES"},"content":{"rendered":"<p>EN III CEREMONIA DE COLACI\u00d3N, UNAM ENTREGA<\/p>\n<p>6 T\u00cdTULOS PROFESIONALES Y 29 BACHILLERES<\/p>\n<p>\u2022 Acto protocolar se desarroll\u00f3 en Ilo y Moquegua.<\/p>\n<p>Peri\u00f3dico Digital La Regi\u00f3n Sur 21 octubre 2022.-\u00a0 La Universidad Nacional de Moquegua realiz\u00f3 la III entrega de Grados Acad\u00e9micos de Bachiller y T\u00edtulos Profesionales en lo que va del presente a\u00f1o, la actividad se realiz\u00f3 en la filial Ilo y en la Sede Principal de nuestra casa superior de estudios.<br \/>\nEl acto estuvo encabezado por las principales autoridades del claustro universitario, donde se entregaron 29 grados acad\u00e9micos de bachiller y 56 t\u00edtulos profesionales para las carreras de Gesti\u00f3n P\u00fablica y Desarrollo Social, Ingenier\u00eda de Sistemas e Inform\u00e1tica, Ingenier\u00eda Pesquera, Ingenier\u00eda de Minas.<br \/>\nWalter Flores Mamani, quien recibi\u00f3 su t\u00edtulo profesional de Ingeniero de Sistemas e Inform\u00e1tica brind\u00f3 el discurso de agradecimiento en representaci\u00f3n de los graduandos, destac\u00f3 los valores, la formaci\u00f3n recibida en las aulas y sus los conocimientos impartidos por los docentes, a su vez resalt\u00f3 los avances y logros que viene obteniendo la universidad, finalmente inst\u00f3 a los profesionales que recibieron su t\u00edtulo profesional que siempre lleven en alto el nombre de la Universidad que los form\u00f3.<br \/>\nPor su parte, el Presidente de la Comisi\u00f3n Organizadora de la UMAN, Dr. Washington Zeballos G\u00e1mez; felicit\u00f3 a los graduados por el logro obtenido. Asimismo, enfatiz\u00f3 en el avance y crecimiento de la UNAM en infraestructura, equipamiento de laboratorios y sentar s\u00f3lidas bases para la investigaci\u00f3n cient\u00edfica en beneficio de la comunidad universitaria y la regi\u00f3n Moquegua.<\/p>\n<p>&nbsp;<\/p>\n<p><img loading=\"lazy\" decoding=\"async\" class=\"alignnone size-medium wp-image-124879\" src=\"https:\/\/laregionsur.com\/wp-content\/uploads\/2022\/10\/U-1-300x200.jpg\" alt=\"\" width=\"300\" height=\"200\" \/> <img loading=\"lazy\" decoding=\"async\" class=\"alignnone size-medium wp-image-124880\" src=\"https:\/\/laregionsur.com\/wp-content\/uploads\/2022\/10\/U-2-1-300x209.jpg\" alt=\"\" width=\"300\" height=\"209\" \/> <img loading=\"lazy\" decoding=\"async\" class=\"alignnone size-medium wp-image-124881\" src=\"https:\/\/laregionsur.com\/wp-content\/uploads\/2022\/10\/U-3-300x198.jpg\" alt=\"\" width=\"300\" height=\"198\" \/> <img loading=\"lazy\" decoding=\"async\" class=\"alignnone size-medium wp-image-124882\" src=\"https:\/\/laregionsur.com\/wp-content\/uploads\/2022\/10\/U-4-300x200.jpg\" alt=\"\" width=\"300\" height=\"200\" \/> <img loading=\"lazy\" decoding=\"async\" class=\"alignnone size-medium wp-image-124883\" src=\"https:\/\/laregionsur.com\/wp-content\/uploads\/2022\/10\/UNAAAA-300x209.jpg\" alt=\"\" width=\"300\" height=\"209\" \/><\/p>\n","protected":false},"excerpt":{"rendered":"<p>EN III CEREMONIA DE COLACI\u00d3N, UNAM ENTREGA 6 T\u00cdTULOS PROFESIONALES Y 29 BACHILLERES \u2022 Acto protocolar se desarroll\u00f3 en Ilo y Moquegua. Peri\u00f3dico Digital La Regi\u00f3n Sur 21 octubre 2022.-\u00a0 La Universidad Nacional de Moquegua realiz\u00f3 la III entrega de Grados Acad\u00e9micos de Bachiller y T\u00edtulos Profesionales en lo que va del presente a\u00f1o, la &hellip;<\/p>\n","protected":false},"author":1,"featured_media":124878,"comment_status":"open","ping_status":"open","sticky":false,"template":"","format":"standard","meta":{"footnotes":""},"categories":[56,39,40],"tags":[],"class_list":["post-124877","post","type-post","status-publish","format-standard","has-post-thumbnail","","category-finance","category-stock-market","category-nacionales"],"_links":{"self":[{"href":"https:\/\/laregionsur.com\/index.php?rest_route=\/wp\/v2\/posts\/124877","targetHints":{"allow":["GET"]}}],"collection":[{"href":"https:\/\/laregionsur.com\/index.php?rest_route=\/wp\/v2\/posts"}],"about":[{"href":"https:\/\/laregionsur.com\/index.php?rest_route=\/wp\/v2\/types\/post"}],"author":[{"embeddable":true,"href":"https:\/\/laregionsur.com\/index.php?rest_route=\/wp\/v2\/users\/1"}],"replies":[{"embeddable":true,"href":"https:\/\/laregionsur.com\/index.php?rest_route=%2Fwp%2Fv2%2Fcomments&post=124877"}],"version-history":[{"count":0,"href":"https:\/\/laregionsur.com\/index.php?rest_route=\/wp\/v2\/posts\/124877\/revisions"}],"wp:featuredmedia":[{"embeddable":true,"href":"https:\/\/laregionsur.com\/index.php?rest_route=\/"}],"wp:attachment":[{"href":"https:\/\/laregionsur.com\/index.php?rest_route=%2Fwp%2Fv2%2Fmedia&parent=124877"}],"wp:term":[{"taxonomy":"category","embeddable":true,"href":"https:\/\/laregionsur.com\/index.php?rest_route=%2Fwp%2Fv2%2Fcategories&post=124877"},{"taxonomy":"post_tag","embeddable":true,"href":"https:\/\/laregionsur.com\/index.php?rest_route=%2Fwp%2Fv2%2Ftags&post=124877"}],"curies":[{"name":"wp","href":"https:\/\/api.w.org\/{rel}","templated":true}]}}