{"id":1244,"date":"2022-02-17T14:25:27","date_gmt":"2022-02-17T14:25:27","guid":{"rendered":"https:\/\/laregionsur.com\/?p=1244"},"modified":"2022-02-17T14:25:27","modified_gmt":"2022-02-17T14:25:27","slug":"anibal-torres-dice-que-betssy-chavez-se-pondra-de-acuerdo-con-maria-del-carmen","status":"publish","type":"post","link":"https:\/\/laregionsur.com\/?p=1244","title":{"rendered":"AN\u00cdBAL TORRES DICE QUE BETSSY CH\u00c1VEZ  SE PONDR\u00c1 DE ACUERDO CON MAR\u00cdA DEL CARMEN"},"content":{"rendered":"<p>AN\u00cdBAL TORRES DICE QUE BETSSY CH\u00c1VEZ<\/p>\n<p>SE PONDR\u00c1 DE ACUERDO CON MAR\u00cdA DEL CARMEN<\/p>\n<p>&nbsp;<\/p>\n<ul>\n<li>El presidente del Consejo de Ministros, An\u00edbal Torres, se mostr\u00f3 optimista en que la ministra de Trabajo atender\u00e1 el pedido que hizo la titular del Parlamento, Mar\u00eda del Carmen Alva, para que retire una denuncia constitucional en su contra.<\/li>\n<\/ul>\n<p>Peri\u00f3dico Digital \u201cLa Regi\u00f3n Sur\u201d- 17-02-22.- El presidente del Consejo de Ministros, An\u00edbal Torres, confi\u00f3 en que la ministra de Trabajo, Betssy Ch\u00e1vez, pueda dialogar con la presidenta del Congreso, Mar\u00eda del Carmen Alva, para encontrar una soluci\u00f3n a la denuncia constitucional que interpuso en su contra por una presunta campa\u00f1a para vacar al mandatario Pedro Castillo .<\/p>\n<p>&nbsp;<\/p>\n<p>\u00abEso es de ella, a ella le tendr\u00edan que preguntar, pero s\u00ed les puedo decir, porque la conozco, que es una ministra muy razonable y seguramente se va a poner de acuerdo con la presidenta del Congreso y con otros congresistas para poner fin a estos conflictos\u00bb, indic\u00f3.<\/p>\n<p>&nbsp;<\/p>\n<p>\u00abNosotros lo que queremos es esto: poner fin a estos conflictos, a estos cuestionamientos, y todos trabajar conjuntamente, dialogar, para enrumbar al pa\u00eds por la v\u00eda del \u00e9xito. Todos tenemos que poner por delante al Per\u00fa\u00bb, agreg\u00f3.<\/p>\n<p>&nbsp;<\/p>\n<p>Precisamente, este mediod\u00eda la presidenta del Congreso, Mar\u00eda del Carmen Alva, defendi\u00f3 la cuestionada reuni\u00f3n que sostuvieron congresistas opositores al Gobierno el pasado 9 de febrero en la que, seg\u00fan el legislador Carlos Anderson (Podemos Per\u00fa), uno de los asistentes, se abord\u00f3 el tema de la vacancia del presidente Pedro Castillo.<\/p>\n<p>&nbsp;<\/p>\n<p>\u00abEso fue un seminario que lo organiz\u00f3 la Fundaci\u00f3n Naumann, que estaba en mi agenda individual como presidenta del Congreso. Ese d\u00eda se public\u00f3 una foto y tambi\u00e9n la fundaci\u00f3n la puso en su p\u00e1gina. Hablar de un complot realmente no viene al caso, ha sido una reuni\u00f3n coyuntural para hablar sobre temas de historia, experiencias compartidas\u00bb, se\u00f1al\u00f3.<\/p>\n<p>&nbsp;<\/p>\n<p>En conferencia de prensa, la titular del Parlamento se mostr\u00f3 sorprendida por la denuncia constitucional en su contra presentada por la congresista Betssy Ch\u00e1vez (Per\u00fa Libre), quien tambi\u00e9n es ministra de Trabajo, en la que solicita que se inicie el procedimiento por una presunta infracci\u00f3n a la Constituci\u00f3n Pol\u00edtica del Per\u00fa.<\/p>\n<p>&nbsp;<\/p>\n<p>\u00abEn lo que respecta a la denuncia presentada por la ministra, porque hoy es ministra aunque sea tambi\u00e9n congresista, esperemos que la retire, porque yo creo que ser\u00eda un gran gesto de su parte ya que tiene que venir y van a empezar las rondas con las bancadas para conseguir el voto de confianza, creo que lo que corresponde es poner pa\u00f1os fr\u00edos y no atacar y pedir despu\u00e9s que los escuchemos\u00bb, anot\u00f3.<\/p>\n<p>LA DENUNCIA CONSTITUCIONAL<\/p>\n<p>&nbsp;<\/p>\n<p>Recientemente, la tambi\u00e9n congresista Betssy Ch\u00e1vez present\u00f3 una denuncia constitucional contra la presidenta del Congreso, Mar\u00eda del Carmen Alva, por la cuestionada reuni\u00f3n que sostuvieron congresistas opositores al Gobierno el pasado 9 de febrero.<\/p>\n<p>&nbsp;<\/p>\n<p>En su denuncia, la parlamentaria oficialista pide que se inicie el procedimiento de acusaci\u00f3n constitucional en contra de Mar\u00eda del Carmen Alva por una presunta infracci\u00f3n a la Constituci\u00f3n Pol\u00edtica del Per\u00fa en sus art\u00edculos 102\u00b0, 103\u00b0, 112\u00b0, 113\u00b0, 114\u00b0 y 117\u00b0 y por incurrir en las conductas tipificadas en los art\u00edculos 317\u00b0 y 349\u00b0 del C\u00f3digo Penal.<\/p>\n<p>&nbsp;<\/p>\n<p>Entre sus argumentos se encuentra la reuni\u00f3n de algunos congresistas opositores -revelada por el semanario Hildebrandt en sus trece-, la cual habr\u00eda sido coordinada por Gustavo Nakamura, un asesor \u00abde estrecha confianza\u00bb de la excandidata presidencial y lideresa de Fuerza Popular, Keiko Fujimori, y que habr\u00eda sido pagada por la Fundaci\u00f3n Friedrich Naumann. Fuente :rpp<\/p>\n","protected":false},"excerpt":{"rendered":"<p>AN\u00cdBAL TORRES DICE QUE BETSSY CH\u00c1VEZ SE PONDR\u00c1 DE ACUERDO CON MAR\u00cdA DEL CARMEN &nbsp; El presidente del Consejo de Ministros, An\u00edbal Torres, se mostr\u00f3 optimista en que la ministra de Trabajo atender\u00e1 el pedido que hizo la titular del Parlamento, Mar\u00eda del Carmen Alva, para que retire una denuncia constitucional en su contra. Peri\u00f3dico &hellip;<\/p>\n","protected":false},"author":1,"featured_media":1246,"comment_status":"open","ping_status":"open","sticky":false,"template":"","format":"standard","meta":{"footnotes":""},"categories":[40],"tags":[],"class_list":["post-1244","post","type-post","status-publish","format-standard","has-post-thumbnail","","category-nacionales"],"_links":{"self":[{"href":"https:\/\/laregionsur.com\/index.php?rest_route=\/wp\/v2\/posts\/1244","targetHints":{"allow":["GET"]}}],"collection":[{"href":"https:\/\/laregionsur.com\/index.php?rest_route=\/wp\/v2\/posts"}],"about":[{"href":"https:\/\/laregionsur.com\/index.php?rest_route=\/wp\/v2\/types\/post"}],"author":[{"embeddable":true,"href":"https:\/\/laregionsur.com\/index.php?rest_route=\/wp\/v2\/users\/1"}],"replies":[{"embeddable":true,"href":"https:\/\/laregionsur.com\/index.php?rest_route=%2Fwp%2Fv2%2Fcomments&post=1244"}],"version-history":[{"count":0,"href":"https:\/\/laregionsur.com\/index.php?rest_route=\/wp\/v2\/posts\/1244\/revisions"}],"wp:featuredmedia":[{"embeddable":true,"href":"https:\/\/laregionsur.com\/index.php?rest_route=\/"}],"wp:attachment":[{"href":"https:\/\/laregionsur.com\/index.php?rest_route=%2Fwp%2Fv2%2Fmedia&parent=1244"}],"wp:term":[{"taxonomy":"category","embeddable":true,"href":"https:\/\/laregionsur.com\/index.php?rest_route=%2Fwp%2Fv2%2Fcategories&post=1244"},{"taxonomy":"post_tag","embeddable":true,"href":"https:\/\/laregionsur.com\/index.php?rest_route=%2Fwp%2Fv2%2Ftags&post=1244"}],"curies":[{"name":"wp","href":"https:\/\/api.w.org\/{rel}","templated":true}]}}