{"id":1225,"date":"2022-02-16T13:06:48","date_gmt":"2022-02-16T13:06:48","guid":{"rendered":"https:\/\/laregionsur.com\/?p=1225"},"modified":"2022-02-16T13:06:48","modified_gmt":"2022-02-16T13:06:48","slug":"no-solo-hay-presuncion-hay-indicios-que-zoraida-avalos-integra-los-cuellos-blancos","status":"publish","type":"post","link":"https:\/\/laregionsur.com\/?p=1225","title":{"rendered":"NO SOLO HAY PRESUNCI\u00d3N, HAY INDICIOS QUE  ZORAIDA AVALOS INTEGRA LOS CUELLOS BLANCOS."},"content":{"rendered":"<p>NO SOLO HAY PRESUNCI\u00d3N, HAY INDICIOS QUE<\/p>\n<p>ZORAIDA AVALOS INTEGRA LOS CUELLOS BLANCOS.<\/p>\n<p>&nbsp;<\/p>\n<ul>\n<li>\u201cHay indicios reveladores de que Zoraida \u00c1valos es parte de Los Cuellos Blancos\u201d, afirma procurador anticorrupci\u00f3n<\/li>\n<li>Javier Pacheco coment\u00f3 que hab\u00eda elevado informe al respecto al anterior procurador general, Daniel Soria,<\/li>\n<\/ul>\n<p>&nbsp;<\/p>\n<p>Peri\u00f3dico Digital \u201cLa Regi\u00f3n Sur\u201d -16-02-22.-\u00a0 El procurador anticorrupci\u00f3n, Javier Pacheco, afirm\u00f3 esta noche que la fiscal de la Naci\u00f3n, Zoraida \u00c1valos, ser\u00eda parte de la organizaci\u00f3n criminal Los Cuellos Blancos del Puerto y que existen suficientes evidencias e indicios sobre ello.<\/p>\n<p>\u201cNo solo hay presunci\u00f3n, hay indicios reveladores, de que Zoraida \u00c1valos es parte de Los Cuellos Blanco, que elevamos al procurador general, Daniel Soria. Hasta donde lleg\u00f3 nuestras investigaciones acredit\u00e1bamos que s\u00ed, elevamos el informe el 30 de noviembre del 2021. Hay suficientes evidencias, son 400 p\u00e1ginas de indicios. Tengo a cargo el caso y he tenido mucha obstrucci\u00f3n para avanzar el caso. Hay evidencias en las escuchas y testigos protegidos que se\u00f1alan que ella es integrante. Hay aspirantes a colaboradores eficaces que se\u00f1alan ello\u201d, declar\u00f3 en Willax.<\/p>\n<p>En esa l\u00ednea, remarc\u00f3 que \u201cla denuncia est\u00e1 sustentada con indicios y elementos de convicci\u00f3n suficiente para iniciar la investigaci\u00f3n\u201d. \u201cSoria dijo que lo iba a hacer, pero pas\u00f3 el tiempo. Le mand\u00e9 un oficio para solicitar la competencia de los cuellos blancos mediante resoluci\u00f3n para hacer las denuncias. Tampoco tuve respuestas. agreg\u00f3<\/p>\n<p>En tanto, sobre la presunci\u00f3n de que el nombramiento de \u00c1valos como fiscal fue un pago de favores, Pacheco dijo que ello est\u00e1 consignado \u201cen el informe para que se investigue\u201d. \u201cEs parte de la investigaci\u00f3n y es reservado\u201d, explic\u00f3. Cabe recordar que en noviembre del 2020, Per\u00fa21 cont\u00f3 la historia del ascenso de Zoraida. Fuente: Peru21<\/p>\n","protected":false},"excerpt":{"rendered":"<p>NO SOLO HAY PRESUNCI\u00d3N, HAY INDICIOS QUE ZORAIDA AVALOS INTEGRA LOS CUELLOS BLANCOS. &nbsp; \u201cHay indicios reveladores de que Zoraida \u00c1valos es parte de Los Cuellos Blancos\u201d, afirma procurador anticorrupci\u00f3n Javier Pacheco coment\u00f3 que hab\u00eda elevado informe al respecto al anterior procurador general, Daniel Soria, &nbsp; Peri\u00f3dico Digital \u201cLa Regi\u00f3n Sur\u201d -16-02-22.-\u00a0 El procurador anticorrupci\u00f3n, &hellip;<\/p>\n","protected":false},"author":1,"featured_media":1226,"comment_status":"open","ping_status":"open","sticky":false,"template":"","format":"standard","meta":{"footnotes":""},"categories":[40],"tags":[],"class_list":["post-1225","post","type-post","status-publish","format-standard","has-post-thumbnail","","category-nacionales"],"_links":{"self":[{"href":"https:\/\/laregionsur.com\/index.php?rest_route=\/wp\/v2\/posts\/1225","targetHints":{"allow":["GET"]}}],"collection":[{"href":"https:\/\/laregionsur.com\/index.php?rest_route=\/wp\/v2\/posts"}],"about":[{"href":"https:\/\/laregionsur.com\/index.php?rest_route=\/wp\/v2\/types\/post"}],"author":[{"embeddable":true,"href":"https:\/\/laregionsur.com\/index.php?rest_route=\/wp\/v2\/users\/1"}],"replies":[{"embeddable":true,"href":"https:\/\/laregionsur.com\/index.php?rest_route=%2Fwp%2Fv2%2Fcomments&post=1225"}],"version-history":[{"count":0,"href":"https:\/\/laregionsur.com\/index.php?rest_route=\/wp\/v2\/posts\/1225\/revisions"}],"wp:featuredmedia":[{"embeddable":true,"href":"https:\/\/laregionsur.com\/index.php?rest_route=\/"}],"wp:attachment":[{"href":"https:\/\/laregionsur.com\/index.php?rest_route=%2Fwp%2Fv2%2Fmedia&parent=1225"}],"wp:term":[{"taxonomy":"category","embeddable":true,"href":"https:\/\/laregionsur.com\/index.php?rest_route=%2Fwp%2Fv2%2Fcategories&post=1225"},{"taxonomy":"post_tag","embeddable":true,"href":"https:\/\/laregionsur.com\/index.php?rest_route=%2Fwp%2Fv2%2Ftags&post=1225"}],"curies":[{"name":"wp","href":"https:\/\/api.w.org\/{rel}","templated":true}]}}