{"id":1208,"date":"2022-02-16T02:11:36","date_gmt":"2022-02-16T02:11:36","guid":{"rendered":"https:\/\/laregionsur.com\/?p=1208"},"modified":"2022-02-16T02:11:36","modified_gmt":"2022-02-16T02:11:36","slug":"fiscal-de-la-nacion-seria-una-de-las-integrante-de-los-cuellos-blancos","status":"publish","type":"post","link":"https:\/\/laregionsur.com\/?p=1208","title":{"rendered":"FISCAL \u00a0DE LA NACI\u00d3N SER\u00cdA UNA DE LAS  INTEGRANTE DE LOS \u201cCUELLOS BLANCOS\u201d"},"content":{"rendered":"<p>FISCAL \u00a0DE LA NACI\u00d3N SER\u00cdA UNA DE LAS<\/p>\n<p>INTEGRANTE DE LOS \u201cCUELLOS BLANCOS\u201d<\/p>\n<p>Peri\u00f3dico Regional, \u201cLa Regi\u00f3n Sur\u201d.- 15-02-22.- En entrevista con Milagros Leiva en Willax, el procurador anticorrupci\u00f3n Javier Pacheco ha se\u00f1alado \u201cHemos visto mucha pasividad en la actuaci\u00f3n de la Fiscal\u00eda de la Naci\u00f3n\u201d<\/p>\n<p>Y ante la pregunta de la periodista Milagros Leiva si la Fiscal de la Naci\u00f3n \u00a0ser\u00eda integrante de los cuellos blancos, \u00e9ste dijo que hay elementos suficientes para se\u00f1alar que s\u00ed.<\/p>\n<p>Javier Pacheco se\u00f1ala que hay elementos suficientes para que se abra una investigaci\u00f3n contra Zoraida \u00c1valos. (nota en elaboraci\u00f3n).Fuente https:\/\/willax.tv\/en-vivo\/<\/p>\n<p>&nbsp;<\/p>\n<p><img loading=\"lazy\" decoding=\"async\" class=\"alignnone size-medium wp-image-1209\" src=\"https:\/\/laregionsur.com\/wp-content\/uploads\/2022\/02\/LEIVA-300x171.png\" alt=\"\" width=\"300\" height=\"171\" \/><\/p>\n","protected":false},"excerpt":{"rendered":"<p>FISCAL \u00a0DE LA NACI\u00d3N SER\u00cdA UNA DE LAS INTEGRANTE DE LOS \u201cCUELLOS BLANCOS\u201d Peri\u00f3dico Regional, \u201cLa Regi\u00f3n Sur\u201d.- 15-02-22.- En entrevista con Milagros Leiva en Willax, el procurador anticorrupci\u00f3n Javier Pacheco ha se\u00f1alado \u201cHemos visto mucha pasividad en la actuaci\u00f3n de la Fiscal\u00eda de la Naci\u00f3n\u201d Y ante la pregunta de la periodista Milagros Leiva &hellip;<\/p>\n","protected":false},"author":1,"featured_media":1209,"comment_status":"open","ping_status":"open","sticky":false,"template":"","format":"standard","meta":{"footnotes":""},"categories":[40],"tags":[],"class_list":["post-1208","post","type-post","status-publish","format-standard","has-post-thumbnail","","category-nacionales"],"_links":{"self":[{"href":"https:\/\/laregionsur.com\/index.php?rest_route=\/wp\/v2\/posts\/1208","targetHints":{"allow":["GET"]}}],"collection":[{"href":"https:\/\/laregionsur.com\/index.php?rest_route=\/wp\/v2\/posts"}],"about":[{"href":"https:\/\/laregionsur.com\/index.php?rest_route=\/wp\/v2\/types\/post"}],"author":[{"embeddable":true,"href":"https:\/\/laregionsur.com\/index.php?rest_route=\/wp\/v2\/users\/1"}],"replies":[{"embeddable":true,"href":"https:\/\/laregionsur.com\/index.php?rest_route=%2Fwp%2Fv2%2Fcomments&post=1208"}],"version-history":[{"count":0,"href":"https:\/\/laregionsur.com\/index.php?rest_route=\/wp\/v2\/posts\/1208\/revisions"}],"wp:featuredmedia":[{"embeddable":true,"href":"https:\/\/laregionsur.com\/index.php?rest_route=\/"}],"wp:attachment":[{"href":"https:\/\/laregionsur.com\/index.php?rest_route=%2Fwp%2Fv2%2Fmedia&parent=1208"}],"wp:term":[{"taxonomy":"category","embeddable":true,"href":"https:\/\/laregionsur.com\/index.php?rest_route=%2Fwp%2Fv2%2Fcategories&post=1208"},{"taxonomy":"post_tag","embeddable":true,"href":"https:\/\/laregionsur.com\/index.php?rest_route=%2Fwp%2Fv2%2Ftags&post=1208"}],"curies":[{"name":"wp","href":"https:\/\/api.w.org\/{rel}","templated":true}]}}