{"id":1183,"date":"2022-02-15T17:43:31","date_gmt":"2022-02-15T17:43:31","guid":{"rendered":"https:\/\/laregionsur.com\/?p=1183"},"modified":"2022-02-15T17:43:31","modified_gmt":"2022-02-15T17:43:31","slug":"rusia-anuncia-plan-de-retirada-de-algunas-tropas-de-frontera-con-ucrania-tras-maniobras","status":"publish","type":"post","link":"https:\/\/laregionsur.com\/?p=1183","title":{"rendered":"RUSIA ANUNCIA PLAN DE RETIRADA DE ALGUNAS  TROPAS DE FRONTERA CON UCRANIA TRAS MANIOBRAS"},"content":{"rendered":"<p>RUSIA ANUNCIA PLAN DE RETIRADA DE ALGUNAS<\/p>\n<p>TROPAS DE FRONTERA CON UCRANIA TRAS MANIOBRAS<\/p>\n<p>&nbsp;<\/p>\n<ul>\n<li>El ministro de Exteriores de Ucrania respondi\u00f3 que su pa\u00eds se creer\u00e1 la retirada de algunas unidades militares rusas de sus fronteras cuando lo vea con sus propios ojos.<\/li>\n<\/ul>\n<p>&nbsp;<\/p>\n<p>Rusia confirm\u00f3 el martes el inicio de la retirada de sus tropas desplegadas en la frontera con Ucrania, subrayando que es algo \u00abnormal\u00bb y denunciando de nuevo \u00abla histeria\u00bb occidental ante una supuesta invasi\u00f3n del pa\u00eds vecino.<\/p>\n<p>\u00abSiempre dijimos que despu\u00e9s de las maniobras (&#8230;) las tropas volver\u00e1n a sus cuarteles de origen. Y eso es lo que est\u00e1 ocurriendo ahora. Es el proceso habitual\u00bb, dijo a la prensa el portavoz de la presidencia rusa, Dmitri Peskov.<\/p>\n<p>El funcionario indic\u00f3 que en el futuro Mosc\u00fa va a organizar \u00abm\u00e1s ejercicios en toda Rusia\u00bb y reivindic\u00f3 el derecho del pa\u00eds a llevar a cabo maniobras en su territorio.<\/p>\n<p>En un momento en que los pa\u00edses occidentales, liderados por Estados Unidos, afirman que Rusia prepara una invasi\u00f3n de Ucrania, Peskov denunci\u00f3 una \u00abcampa\u00f1a absolutamente sin precedentes orientada a provocar tensiones\u00bb.<\/p>\n<p>\u00abEste tipo de histeria no tiene ninguna base\u00bb, afirm\u00f3 el portavoz.<\/p>\n<p>Rusia orden\u00f3 el martes la retirada de algunas unidades desplegadas cerca de la frontera con Ucrania. El gobierno de Mosc\u00fa niega tener intenciones belicosas y afirma que se siente amenazado por la expansi\u00f3n de la OTAN hacia Europa del este. Por ello exige \u00abgarant\u00edas de seguridad\u00bb, en especial un veto a la entrada de Ucrania en la Alianza.<\/p>\n<p>&nbsp;<\/p>\n<p>UCRANIA CREERA EN RETIRADA CUANDO LA VEA<\/p>\n<p>&nbsp;<\/p>\n<p>Ucrania se creer\u00e1 la retirada de algunas unidades militares rusas de sus fronteras cuando lo vea con sus propios ojos, dijo en respuesta al anuncio del Kremlin, el ministro ucraniano de Exteriores, Dmitro Kuleba.<\/p>\n<p>&nbsp;<\/p>\n<p>\u00abHay diferentes declaraciones desde la Federaci\u00f3n Rusa todo el tiempo. Tenemos una regla: no nos lo creemos cuando lo o\u00edmos, sino cuando lo vemos\u00bb, se\u00f1al\u00f3 en una rueda de prensa en l\u00ednea.<\/p>\n<p>&nbsp;<\/p>\n<p>\u00abCuando veamos la retirada (de los soldados rusos) entonces creeremos en una desescalada\u00bb, a\u00f1adi\u00f3. (Con informaci\u00f3n de AFP y EFE)<\/p>\n","protected":false},"excerpt":{"rendered":"<p>RUSIA ANUNCIA PLAN DE RETIRADA DE ALGUNAS TROPAS DE FRONTERA CON UCRANIA TRAS MANIOBRAS &nbsp; El ministro de Exteriores de Ucrania respondi\u00f3 que su pa\u00eds se creer\u00e1 la retirada de algunas unidades militares rusas de sus fronteras cuando lo vea con sus propios ojos. &nbsp; Rusia confirm\u00f3 el martes el inicio de la retirada de &hellip;<\/p>\n","protected":false},"author":1,"featured_media":1184,"comment_status":"open","ping_status":"open","sticky":false,"template":"","format":"standard","meta":{"footnotes":""},"categories":[58],"tags":[],"class_list":["post-1183","post","type-post","status-publish","format-standard","has-post-thumbnail","","category-internacionales"],"_links":{"self":[{"href":"https:\/\/laregionsur.com\/index.php?rest_route=\/wp\/v2\/posts\/1183","targetHints":{"allow":["GET"]}}],"collection":[{"href":"https:\/\/laregionsur.com\/index.php?rest_route=\/wp\/v2\/posts"}],"about":[{"href":"https:\/\/laregionsur.com\/index.php?rest_route=\/wp\/v2\/types\/post"}],"author":[{"embeddable":true,"href":"https:\/\/laregionsur.com\/index.php?rest_route=\/wp\/v2\/users\/1"}],"replies":[{"embeddable":true,"href":"https:\/\/laregionsur.com\/index.php?rest_route=%2Fwp%2Fv2%2Fcomments&post=1183"}],"version-history":[{"count":0,"href":"https:\/\/laregionsur.com\/index.php?rest_route=\/wp\/v2\/posts\/1183\/revisions"}],"wp:featuredmedia":[{"embeddable":true,"href":"https:\/\/laregionsur.com\/index.php?rest_route=\/"}],"wp:attachment":[{"href":"https:\/\/laregionsur.com\/index.php?rest_route=%2Fwp%2Fv2%2Fmedia&parent=1183"}],"wp:term":[{"taxonomy":"category","embeddable":true,"href":"https:\/\/laregionsur.com\/index.php?rest_route=%2Fwp%2Fv2%2Fcategories&post=1183"},{"taxonomy":"post_tag","embeddable":true,"href":"https:\/\/laregionsur.com\/index.php?rest_route=%2Fwp%2Fv2%2Ftags&post=1183"}],"curies":[{"name":"wp","href":"https:\/\/api.w.org\/{rel}","templated":true}]}}