{"id":1083,"date":"2022-02-12T02:51:10","date_gmt":"2022-02-12T02:51:10","guid":{"rendered":"https:\/\/laregionsur.com\/?p=1083"},"modified":"2022-02-12T02:51:10","modified_gmt":"2022-02-12T02:51:10","slug":"miembros-de-la-oposicion-sostuvieron-reunion-para-vacar-al-presidente-pedro-castillo","status":"publish","type":"post","link":"https:\/\/laregionsur.com\/?p=1083","title":{"rendered":"MIEMBROS DE LA OPOSICI\u00d3N SOSTUVIERON  REUNI\u00d3N PARA VACAR AL PRESIDENTE PEDRO CASTILLO"},"content":{"rendered":"<p>MIEMBROS DE LA OPOSICI\u00d3N SOSTUVIERON<\/p>\n<p>REUNI\u00d3N PARA VACAR AL PRESIDENTE PEDRO CASTILLO<\/p>\n<p>&nbsp;<\/p>\n<ul>\n<li>Legisladores representantes de las bancadas opositoras al gobierno de Castillo Terrones, encabezados por la presidenta del Congreso, Mar\u00eda del Carmen Alva, se congregaron en un lujoso hotel miraflorino, seg\u00fan Hildebrandt en sus trece.<\/li>\n<\/ul>\n<p>&nbsp;<\/p>\n<p>Peri\u00f3dico Digital \u201cLa Regi\u00f3n Sur\u201d-011-02-22.- \u00a0Un grupo de congresistas opositores al gobierno de Pedro Castillo se reunieron a puertas cerradas en el hotel Casa Andina Premium con el objetivo de afinar la estrategia para vacar al presidente de la Rep\u00fablica, seg\u00fan revel\u00f3 este viernes 11 de febrero el semanario Hildebrandt en sus trece.<\/p>\n<p>&nbsp;<\/p>\n<p>Al respecto, los legisladores representantes de las bancadas, encabezados por la presidente del Congreso, Mar\u00eda del Carmen Alva, se congregaron para un evento extraoficial organizado por la Fundaci\u00f3n Friedrich Naumann, una organizaci\u00f3n alemana que \u201cdefiende las libertades\u201d y finanza proyectos de extrema derecha.<\/p>\n<p>&nbsp;<\/p>\n<p>El reportaje inform\u00f3 que, antes de que los parlamentarios entraran a la sala Colca del referido hotel, los legisladores almorzaron el restaurante \u201cAlma\u201d donde fueron sorprendidos por los fot\u00f3grafos del semanario. Luego del incidente, la velada, que dur\u00f3 dos horas, abord\u00f3 temas sobre la modificaci\u00f3n de los art\u00edculos de la Constituci\u00f3n para vacar al mandatario Pedro Castillo como tambi\u00e9n la correlaci\u00f3n de votos para expulsar al jefe de Estado.<\/p>\n<p>\u201cEn la velada se intercambiaron opiniones sobre qu\u00e9 art\u00edculo de la Constituci\u00f3n se deber\u00eda modificar para acelerar la salida de Castillo. Unos mencionaban el 117 y otros el 114\u2033, se cuenta el semanario.<\/p>\n<p>\u201cEn la mesa de los comensales de Casa Andina tambi\u00e9n se hizo un poco de numerolog\u00eda. Los votos de las seis bancadas que participaron en el conclave miraflorino suman 81\u2033, detalla.<\/p>\n<p>La cita dur\u00f3 m\u00e1s de seis horas y participaron los congresistas Patricia Ju\u00e1rez y Hernando Guerra Garc\u00eda, ambos de Fuerza Popular; Jorge Montoya y Alejandro Mu\u00f1ante, de Renovaci\u00f3n Popular; Norma Yarrow y Jos\u00e9 Williams, de Avanza Pa\u00eds. Asimismo, arribaron Carlos Anderson (Podemos Per\u00fa), Lady Camones (Alianza para el Progreso) y Luis Arriola (Acci\u00f3n Popular). Tambi\u00e9n hicieron acto de presencia Jorge del Castillo y \u00darsula Letona.<\/p>\n<p>AUDIO REVELA QUE ALVA SE QUEJA DE NOTA DE TV Y HACE ADVERTENCIA SOBRE CERR\u00d3N<\/p>\n<p>&nbsp;<\/p>\n<p>La presidenta del Congreso y congresista de Acci\u00f3n Popular, Mar\u00eda del Carmen Alva, fue captada en audio reclamando acerca de un reportaje que sac\u00f3 el canal ATV sobre el impase que ocurri\u00f3 entre ella y la alcadesa de Oco\u00f1a, Maril\u00fa Gonzales, durante una reuni\u00f3n de autoridades ediles que se desarrollaba en el Parlamento.<\/p>\n<p>&nbsp;<\/p>\n<p>\u201cSe van a quedar sin medio de comunicaci\u00f3n, porque he hablado con expertos y no hay duda que el tema de Cerr\u00f3n ya est\u00e1. \u00a1Y Vertiz! no lo puedo creer que el domingo le he dado a Vertiz antes que a Cuarto Poder, me he peleado incluso porque me he ido a canal 9 y resulta que me est\u00e1n atacando. en vez de decir esto ya pas\u00f3 y no poner nada. Pues la verdad que muy mal\u201d, dijo en un audio difundido por Hildebrandt en sus trece.<\/p>\n<p>VOCEROS DE BANCADAS DE OPOSICI\u00d3N CREARON CHAT DONDE COORDINAN VACANCIA PRESIDENCIAL<\/p>\n<p>El semanario Hildebrandt en sus trece revel\u00f3 que miembros de la Mesa Directiva del Congreso, encabezada por Mar\u00eda del Carmen Alva, los voceros de seis bancadas opositoras al Gobierno de Pedro Castillo y algunos parlamentarios con presencia medi\u00e1tica crearon el chat grupal Aliados en Telegram, donde coordinar\u00edan acciones para vacar al jefe de Estado.<\/p>\n<p>Seg\u00fan el reportaje publicado este viernes 11 de octubre, los parlamentarios habr\u00edan planificado una estrategia para destituir a Pedro Castillo del mandato del Ejecutivo. Esta apuntar\u00eda a la modificaci\u00f3n del art\u00edculo 117 de la Constituci\u00f3n para que el presidente pueda ser acusado por delitos de corrupci\u00f3n y, de esa manera, investigado por la Subcomisi\u00f3n de Acusaciones Constitucionales para que desencadene una inhabilitaci\u00f3n pol\u00edtica y posterior retiro del cargo. Fuente : La Rep\u00fablica.pe<\/p>\n","protected":false},"excerpt":{"rendered":"<p>MIEMBROS DE LA OPOSICI\u00d3N SOSTUVIERON REUNI\u00d3N PARA VACAR AL PRESIDENTE PEDRO CASTILLO &nbsp; Legisladores representantes de las bancadas opositoras al gobierno de Castillo Terrones, encabezados por la presidenta del Congreso, Mar\u00eda del Carmen Alva, se congregaron en un lujoso hotel miraflorino, seg\u00fan Hildebrandt en sus trece. &nbsp; Peri\u00f3dico Digital \u201cLa Regi\u00f3n Sur\u201d-011-02-22.- \u00a0Un grupo de &hellip;<\/p>\n","protected":false},"author":1,"featured_media":1084,"comment_status":"open","ping_status":"open","sticky":false,"template":"","format":"standard","meta":{"footnotes":""},"categories":[40],"tags":[],"class_list":["post-1083","post","type-post","status-publish","format-standard","has-post-thumbnail","","category-nacionales"],"_links":{"self":[{"href":"https:\/\/laregionsur.com\/index.php?rest_route=\/wp\/v2\/posts\/1083","targetHints":{"allow":["GET"]}}],"collection":[{"href":"https:\/\/laregionsur.com\/index.php?rest_route=\/wp\/v2\/posts"}],"about":[{"href":"https:\/\/laregionsur.com\/index.php?rest_route=\/wp\/v2\/types\/post"}],"author":[{"embeddable":true,"href":"https:\/\/laregionsur.com\/index.php?rest_route=\/wp\/v2\/users\/1"}],"replies":[{"embeddable":true,"href":"https:\/\/laregionsur.com\/index.php?rest_route=%2Fwp%2Fv2%2Fcomments&post=1083"}],"version-history":[{"count":0,"href":"https:\/\/laregionsur.com\/index.php?rest_route=\/wp\/v2\/posts\/1083\/revisions"}],"wp:featuredmedia":[{"embeddable":true,"href":"https:\/\/laregionsur.com\/index.php?rest_route=\/"}],"wp:attachment":[{"href":"https:\/\/laregionsur.com\/index.php?rest_route=%2Fwp%2Fv2%2Fmedia&parent=1083"}],"wp:term":[{"taxonomy":"category","embeddable":true,"href":"https:\/\/laregionsur.com\/index.php?rest_route=%2Fwp%2Fv2%2Fcategories&post=1083"},{"taxonomy":"post_tag","embeddable":true,"href":"https:\/\/laregionsur.com\/index.php?rest_route=%2Fwp%2Fv2%2Ftags&post=1083"}],"curies":[{"name":"wp","href":"https:\/\/api.w.org\/{rel}","templated":true}]}}