{"id":1022,"date":"2022-02-10T14:32:08","date_gmt":"2022-02-10T14:32:08","guid":{"rendered":"https:\/\/laregionsur.com\/?p=1022"},"modified":"2022-02-10T14:32:08","modified_gmt":"2022-02-10T14:32:08","slug":"colegio-medico-del-peru-exige-renuncia-de-hernan-condori-al-ministerio-de-salud","status":"publish","type":"post","link":"https:\/\/laregionsur.com\/?p=1022","title":{"rendered":"COLEGIO M\u00c9DICO DEL PER\u00da EXIGE RENUNCIA  DE HERN\u00c1N CONDORI AL MINISTERIO DE SALUD"},"content":{"rendered":"<p>COLEGIO M\u00c9DICO DEL PER\u00da EXIGE RENUNCIA<\/p>\n<p>DE HERN\u00c1N CONDORI AL MINISTERIO DE SALUD<\/p>\n<p>&nbsp;<\/p>\n<p>Peri\u00f3dico Digital, \u201cLa Regi\u00f3n Sur\u201d-02-10-22.- El decano del Colegio M\u00e9dico del Per\u00fa (CMP), Ra\u00fal Urquizo, anunci\u00f3 esta ma\u00f1ana que su gremio exige la renuncia inmediata del ministro de Salud, Hern\u00e1n Condori Machado, por no tener las competencias m\u00ednimas para desempe\u00f1arse en el cargo.<\/p>\n<p>&nbsp;<\/p>\n<p>En comunicaci\u00f3n con RPP Noticias, Urquizo dijo que pedir la salida de Condori Machado ha sido un acuerdo del CMP despu\u00e9s de recoger informaci\u00f3n sobre el flamante ministro, luego de que se revelara que promocionaba productos sin aval cient\u00edfico y brindaba servicios de medicina obst\u00e9trica, sin tener la especialidad.<\/p>\n<p>&nbsp;<\/p>\n<p>\u00abHemos recabado informaci\u00f3n en el transcurso del d\u00eda (de ayer) [&#8230;] las evidencias han sido bastante severas\u00bb, dijo el decano del gremio m\u00e9dico.<\/p>\n<p>&nbsp;<\/p>\n<p>Entre los argumentos para el acuerdo del CMP, Urquizo mencion\u00f3 que se ha confirmado que Condori Machado \u00abpromocionaba productos sin ninguna base cient\u00edfica\u00bb que confunden a la poblaci\u00f3n y practicar \u00abpublicidad enga\u00f1osa\u00bb por ejercer una especialidad que no tiene.<\/p>\n<p>&nbsp;<\/p>\n<p>Urquizo dijo que el CMP espera que el presidente Pedro Castillo tome nota sobre su pedido porque \u00abno podemos aceptar una persona sin las condiciones m\u00ednimas\u00bb para enfrentar el actual escenario de la pandemia de la COVID-19.<\/p>\n<p>&nbsp;<\/p>\n<p>\u00abEs una irresponsabilidad poner a una persona sin las competencias [&#8230;] no es aceptable que en plena tercera ola se haga un cambio\u00bb en el ministerio de Salud\u00bb, dijo.<\/p>\n<p>&nbsp;<\/p>\n<p>El decano del CMP dijo que la exigencia de que Condori Machado salga del Minsa \u00abno tiene nada que ver\u00bb con \u00abel color pol\u00edtico\u00bb del ministro, un militante de Per\u00fa Libre y hombre cercano de Vladimir Cerr\u00f3n, sino con una preocupaci\u00f3n por la gesti\u00f3n en el sector Salud.<\/p>\n<p>HERN\u00c1N CONDORI, EL M\u00c1S CUESTIONADO DEL NUEVO GABINETE<\/p>\n<p>&nbsp;<\/p>\n<p>La designaci\u00f3n del m\u00e9dico Hern\u00e1n Condori como ministro de Salud sigue sumando cuestionamientos sobre su idoneidad para el cargo a dos d\u00edas de jurar como miembro del nuevo gabinete de ministros, el cuarto en los siete meses de gobierno de Pedro Castillo.<\/p>\n<p>&nbsp;<\/p>\n<p>Condori reemplazo en la cartera del Ministerio de Salud a Hernando Cevallos, uno de los ministros mejor valorados del gobierno por su desempe\u00f1o en el avance de la vacunaci\u00f3n contra la COViD-19 y cuya salida sorprendi\u00f3 a la opini\u00f3n p\u00fablica.<\/p>\n<p>&nbsp;<\/p>\n<p>La misma noche del nombramiento de Condori Machado, se conoci\u00f3 por un informe del portal Epicentro TV que el nuevo ministro es investigado por presuntos delitos de corrupci\u00f3n por una fiscal\u00eda anticorrupci\u00f3n de La Merced (Jun\u00edn) por los presuntos delitos de cobros indebidos y negociaci\u00f3n incompatible.\u00a0 Adem\u00e1s, se difundi\u00f3 un video en el que promociona el \u00abagua arracimada\u00bb (clustered water, en ingl\u00e9s) un producto sin aval cient\u00edfico que se vende en varios pa\u00edses con supuestos beneficios para la salud.\u00a0 Adem\u00e1s, se cuestion\u00f3 que el nuevo ministro de Salud haya ofrecido servicios de medicina obst\u00e9trica en un consultorio privado, como se observa en fotograf\u00edas en las que promociona ese servicio.<\/p>\n<p>PROCESO DISCIPLINARIO CONTRA HERN\u00c1N CONDORI<\/p>\n<p>&nbsp;<\/p>\n<p>Al respecto, Urquiz\u00f3 anunci\u00f3 que se abrir\u00e1 un proceso \u00e9tico disciplinario contra Hern\u00e1n Condori en el consejo del colegio m\u00e9dico en Huancayo, jurisdicci\u00f3n a la que pertenece el actual ministro.<\/p>\n<p>&nbsp;<\/p>\n<p>\u00abEl consejo de \u00e9tica de Huancayo determinar\u00e1 qu\u00e9 art\u00edculos de \u00e9tica se est\u00e1 violando\u00bb y si hay una apelaci\u00f3n de parte de Condori Machado, el caso se ver\u00e1 en el CMP como \u00faltima instancia, dijo. Fuente Rpp<\/p>\n","protected":false},"excerpt":{"rendered":"<p>COLEGIO M\u00c9DICO DEL PER\u00da EXIGE RENUNCIA DE HERN\u00c1N CONDORI AL MINISTERIO DE SALUD &nbsp; Peri\u00f3dico Digital, \u201cLa Regi\u00f3n Sur\u201d-02-10-22.- El decano del Colegio M\u00e9dico del Per\u00fa (CMP), Ra\u00fal Urquizo, anunci\u00f3 esta ma\u00f1ana que su gremio exige la renuncia inmediata del ministro de Salud, Hern\u00e1n Condori Machado, por no tener las competencias m\u00ednimas para desempe\u00f1arse en &hellip;<\/p>\n","protected":false},"author":1,"featured_media":1023,"comment_status":"open","ping_status":"open","sticky":false,"template":"","format":"standard","meta":{"footnotes":""},"categories":[40],"tags":[],"class_list":["post-1022","post","type-post","status-publish","format-standard","has-post-thumbnail","","category-nacionales"],"_links":{"self":[{"href":"https:\/\/laregionsur.com\/index.php?rest_route=\/wp\/v2\/posts\/1022","targetHints":{"allow":["GET"]}}],"collection":[{"href":"https:\/\/laregionsur.com\/index.php?rest_route=\/wp\/v2\/posts"}],"about":[{"href":"https:\/\/laregionsur.com\/index.php?rest_route=\/wp\/v2\/types\/post"}],"author":[{"embeddable":true,"href":"https:\/\/laregionsur.com\/index.php?rest_route=\/wp\/v2\/users\/1"}],"replies":[{"embeddable":true,"href":"https:\/\/laregionsur.com\/index.php?rest_route=%2Fwp%2Fv2%2Fcomments&post=1022"}],"version-history":[{"count":0,"href":"https:\/\/laregionsur.com\/index.php?rest_route=\/wp\/v2\/posts\/1022\/revisions"}],"wp:featuredmedia":[{"embeddable":true,"href":"https:\/\/laregionsur.com\/index.php?rest_route=\/"}],"wp:attachment":[{"href":"https:\/\/laregionsur.com\/index.php?rest_route=%2Fwp%2Fv2%2Fmedia&parent=1022"}],"wp:term":[{"taxonomy":"category","embeddable":true,"href":"https:\/\/laregionsur.com\/index.php?rest_route=%2Fwp%2Fv2%2Fcategories&post=1022"},{"taxonomy":"post_tag","embeddable":true,"href":"https:\/\/laregionsur.com\/index.php?rest_route=%2Fwp%2Fv2%2Ftags&post=1022"}],"curies":[{"name":"wp","href":"https:\/\/api.w.org\/{rel}","templated":true}]}}