{"id":132467,"date":"2026-04-28T21:54:33","date_gmt":"2026-04-28T21:54:33","guid":{"rendered":"https:\/\/laregionsur.com\/?p=132467"},"modified":"2026-04-28T21:54:48","modified_gmt":"2026-04-28T21:54:48","slug":"ministro-de-energia-y-minas-destaco-rol-de-tia-maria-en-inauguracion-de-expocobre-2026","status":"publish","type":"post","link":"https:\/\/laregionsur.com\/index.php\/2026\/04\/28\/ministro-de-energia-y-minas-destaco-rol-de-tia-maria-en-inauguracion-de-expocobre-2026\/","title":{"rendered":"MINISTRO DE ENERGIA Y MINAS DESTACO ROL DE  TIA MARIA EN INAUGURACI\u00d3N DE EXPOCOBRE 2026"},"content":{"rendered":"<p>&nbsp;<\/p>\n<p>MINISTRO DE ENERGIA Y MINAS DESTACO ROL DE<\/p>\n<p>TIA MARIA EN INAUGURACI\u00d3N DE EXPOCOBRE 2026<\/p>\n<p>&nbsp;<\/p>\n<p>En l\u00ednea con el compromiso del Gobierno de impulsar la inversi\u00f3n como motor fundamental para el crecimiento econ\u00f3mico y el desarrollo sostenible, el ministro de Energ\u00eda y Minas, Waldir Ayasta Mech\u00e1n, particip\u00f3 en la inauguraci\u00f3n de Expocobre 2026, la III Conferencia del Cobre y Feria Minera Internacional, un espacio que congrega a los principales actores de la industria cupr\u00edfera global.<\/p>\n<p>&nbsp;<\/p>\n<p>Durante su intervenci\u00f3n, el titular del Ministerio de Energ\u00eda y Minas (MINEM), destac\u00f3 el rol estrat\u00e9gico del cobre y record\u00f3 que la creciente electrificaci\u00f3n de las econom\u00edas, y la expansi\u00f3n de las energ\u00edas renovables, han posicionado al cobre como un insumo cr\u00edtico para el desarrollo sostenible.<\/p>\n<p>&nbsp;<\/p>\n<p>Destac\u00f3, asimismo, el posicionamiento del pa\u00eds como proveedor clave de minerales cr\u00edticos, a\u00f1adiendo que, al cierre de 2025, el Per\u00fa registr\u00f3 un r\u00e9cord hist\u00f3rico en la producci\u00f3n del metal rojo, esencial en el proceso de transici\u00f3n energ\u00e9tica, alcanzando los 2.77 millones de toneladas m\u00e9tricas finas.<\/p>\n<p>&nbsp;<\/p>\n<p>En lo referido al sector minero en su conjunto, Ayasta se\u00f1al\u00f3 que este segmento ha generado, en 2025, un promedio de m\u00e1s de 264 mil empleos directos e inversiones superiores a US$ 6,200 millones, y las exportaciones superaron los US$ 62 mil millones, generando un impacto positivo para el pa\u00eds.<\/p>\n<p>&nbsp;<\/p>\n<p>El ministro Ayasta resalt\u00f3 la importante cartera peruana de 65 proyectos de inversi\u00f3n minera distribuidos en 19 regiones, as\u00ed como la nueva Cartera de Proyectos de Exploraci\u00f3n Minera 2026, que incluye 69 proyectos orientados a descubrir nuevos recursos y sostener la producci\u00f3n del sector. Cabe se\u00f1alar que en ese escenario es importante destacar la presencia del proyecto T\u00eda Mar\u00eda que aportar\u00e1 en el desarrollo y el soporte econ\u00f3mico para la regi\u00f3n Arequipa.<\/p>\n<p>Como parte de las actividades inaugurales, recorri\u00f3 los stands de empresas e instituciones participantes, e invit\u00f3 a los asistentes a visitar el stand del MINEM para acceder a publicaciones e informaci\u00f3n especializada sobre la cartera de proyectos del pa\u00eds.<\/p>\n<p>&nbsp;<\/p>\n<p>Expocobre 2026 presenta una variada agenda de conferencias, foros especializados y tecnol\u00f3gicas; adem\u00e1s, re\u00fane a autoridades y l\u00edderes del sector de pa\u00edses como Chile, Argentina, Ecuador, Bolivia, Brasil, Panam\u00e1, M\u00e9xico, Estados Unidos, Canad\u00e1, Espa\u00f1a, Finlandia, Italia, China y la Rep\u00fablica Democr\u00e1tica del Congo, y el anfitri\u00f3n Per\u00fa.<\/p>\n<p>&nbsp;<\/p>\n<p>Este encuentro, que se realiza del 27 al 29 de abril en Lima, es una plataforma clave para el intercambio de conocimientos y la generaci\u00f3n de alianzas, que posiciona al Per\u00fa como un destino estrat\u00e9gico para las iniciativas mineras responsables y modernas.<\/p>\n<p>&nbsp;<\/p>\n","protected":false},"excerpt":{"rendered":"<p>&nbsp; MINISTRO DE ENERGIA Y MINAS DESTACO ROL DE TIA MARIA EN INAUGURACI\u00d3N DE EXPOCOBRE 2026 &nbsp; En l\u00ednea con el compromiso del Gobierno de impulsar la inversi\u00f3n como motor fundamental para el crecimiento econ\u00f3mico y el desarrollo sostenible, el ministro de Energ\u00eda y Minas, Waldir Ayasta Mech\u00e1n, particip\u00f3 en la inauguraci\u00f3n de Expocobre 2026, &hellip;<\/p>\n","protected":false},"author":2,"featured_media":132455,"comment_status":"open","ping_status":"open","sticky":false,"template":"","format":"standard","meta":{"footnotes":""},"categories":[245,61,38,56,58,39,40,63,44],"tags":[],"class_list":["post-132467","post","type-post","status-publish","format-standard","has-post-thumbnail","","category-apurimac","category-arequipa","category-editorial","category-finance","category-internacionales","category-stock-market","category-nacionales","category-puno","category-global-trade"],"_links":{"self":[{"href":"https:\/\/laregionsur.com\/index.php\/wp-json\/wp\/v2\/posts\/132467","targetHints":{"allow":["GET"]}}],"collection":[{"href":"https:\/\/laregionsur.com\/index.php\/wp-json\/wp\/v2\/posts"}],"about":[{"href":"https:\/\/laregionsur.com\/index.php\/wp-json\/wp\/v2\/types\/post"}],"author":[{"embeddable":true,"href":"https:\/\/laregionsur.com\/index.php\/wp-json\/wp\/v2\/users\/2"}],"replies":[{"embeddable":true,"href":"https:\/\/laregionsur.com\/index.php\/wp-json\/wp\/v2\/comments?post=132467"}],"version-history":[{"count":1,"href":"https:\/\/laregionsur.com\/index.php\/wp-json\/wp\/v2\/posts\/132467\/revisions"}],"predecessor-version":[{"id":132468,"href":"https:\/\/laregionsur.com\/index.php\/wp-json\/wp\/v2\/posts\/132467\/revisions\/132468"}],"wp:featuredmedia":[{"embeddable":true,"href":"https:\/\/laregionsur.com\/index.php\/wp-json\/wp\/v2\/media\/132455"}],"wp:attachment":[{"href":"https:\/\/laregionsur.com\/index.php\/wp-json\/wp\/v2\/media?parent=132467"}],"wp:term":[{"taxonomy":"category","embeddable":true,"href":"https:\/\/laregionsur.com\/index.php\/wp-json\/wp\/v2\/categories?post=132467"},{"taxonomy":"post_tag","embeddable":true,"href":"https:\/\/laregionsur.com\/index.php\/wp-json\/wp\/v2\/tags?post=132467"}],"curies":[{"name":"wp","href":"https:\/\/api.w.org\/{rel}","templated":true}]}}