{"id":132443,"date":"2026-04-27T23:37:21","date_gmt":"2026-04-27T23:37:21","guid":{"rendered":"https:\/\/laregionsur.com\/?p=132443"},"modified":"2026-04-27T23:41:10","modified_gmt":"2026-04-27T23:41:10","slug":"votar-en-un-contexto-de-desconfianza","status":"publish","type":"post","link":"https:\/\/laregionsur.com\/index.php\/2026\/04\/27\/votar-en-un-contexto-de-desconfianza\/","title":{"rendered":"\u201cVOTAR EN UN CONTEXTO DE DESCONFIANZA\u201d"},"content":{"rendered":"<p>Elecciones 2026:<\/p>\n<p>\u201cVOTAR EN UN CONTEXTO DE DESCONFIANZA\u201d<\/p>\n<p>Escribe: Aurita Meneses<\/p>\n<p>25-04-26.- Nuevamente las elecciones generales han puesto en evidencia una constante en la pol\u00edtica peruana: la fragilidad institucional y la acentuada divisi\u00f3n social.\u00a0 La inminente segunda vuelta, est\u00e1 llevando al pa\u00eds a un contexto marcado m\u00e1s por el rechazo que por el entusiasmo. La contienda que enfrenta a Keiko Fujimori y Roberto S\u00e1nchez, dos figuras que representan visiones opuestas de pa\u00eds, nos pone en un verdadero problema pol\u00edtico: \u00a0la mitad del pa\u00eds NO se sentir\u00e1 representada.<\/p>\n<p>El proceso ha estado rodeado de cuestionamientos, demoras en el conteo y una creciente desconfianza hacia las autoridades electorales. Aunque a\u00fan no se han probado irregularidades graves, la percepci\u00f3n de duda pesa tanto como los hechos. A esto se suma una fractura persistente: el Per\u00fa urbano frente al rural, Lima frente a las regiones, una brecha que elecci\u00f3n tras elecci\u00f3n no hace m\u00e1s que profundizarse. Lo cierto es que Gane quien gane existe la desesperanza porque el pr\u00f3ximo presidente no solo heredar\u00e1 el poder, sino tambi\u00e9n un pa\u00eds fracturado, cansado, desconfiado, dividido y desencantado totalmente de la clase pol\u00edtica. Con un electorado sumamente indeciso, d\u00f3nde el voto en blanco parece ser la preferencia de muchos, el resultado de la segunda vuelta parece ser impredecible. Veremos que pasa.<\/p>\n<p>&nbsp;<\/p>\n<p>&nbsp;<\/p>\n","protected":false},"excerpt":{"rendered":"<p>Elecciones 2026: \u201cVOTAR EN UN CONTEXTO DE DESCONFIANZA\u201d Escribe: Aurita Meneses 25-04-26.- Nuevamente las elecciones generales han puesto en evidencia una constante en la pol\u00edtica peruana: la fragilidad institucional y la acentuada divisi\u00f3n social.\u00a0 La inminente segunda vuelta, est\u00e1 llevando al pa\u00eds a un contexto marcado m\u00e1s por el rechazo que por el entusiasmo. La &hellip;<\/p>\n","protected":false},"author":2,"featured_media":132444,"comment_status":"open","ping_status":"open","sticky":false,"template":"","format":"standard","meta":{"footnotes":""},"categories":[245,61,38,56,58,39,40,63,44],"tags":[],"class_list":["post-132443","post","type-post","status-publish","format-standard","has-post-thumbnail","","category-apurimac","category-arequipa","category-editorial","category-finance","category-internacionales","category-stock-market","category-nacionales","category-puno","category-global-trade"],"_links":{"self":[{"href":"https:\/\/laregionsur.com\/index.php\/wp-json\/wp\/v2\/posts\/132443","targetHints":{"allow":["GET"]}}],"collection":[{"href":"https:\/\/laregionsur.com\/index.php\/wp-json\/wp\/v2\/posts"}],"about":[{"href":"https:\/\/laregionsur.com\/index.php\/wp-json\/wp\/v2\/types\/post"}],"author":[{"embeddable":true,"href":"https:\/\/laregionsur.com\/index.php\/wp-json\/wp\/v2\/users\/2"}],"replies":[{"embeddable":true,"href":"https:\/\/laregionsur.com\/index.php\/wp-json\/wp\/v2\/comments?post=132443"}],"version-history":[{"count":3,"href":"https:\/\/laregionsur.com\/index.php\/wp-json\/wp\/v2\/posts\/132443\/revisions"}],"predecessor-version":[{"id":132447,"href":"https:\/\/laregionsur.com\/index.php\/wp-json\/wp\/v2\/posts\/132443\/revisions\/132447"}],"wp:featuredmedia":[{"embeddable":true,"href":"https:\/\/laregionsur.com\/index.php\/wp-json\/wp\/v2\/media\/132444"}],"wp:attachment":[{"href":"https:\/\/laregionsur.com\/index.php\/wp-json\/wp\/v2\/media?parent=132443"}],"wp:term":[{"taxonomy":"category","embeddable":true,"href":"https:\/\/laregionsur.com\/index.php\/wp-json\/wp\/v2\/categories?post=132443"},{"taxonomy":"post_tag","embeddable":true,"href":"https:\/\/laregionsur.com\/index.php\/wp-json\/wp\/v2\/tags?post=132443"}],"curies":[{"name":"wp","href":"https:\/\/api.w.org\/{rel}","templated":true}]}}