{"id":125276,"date":"2022-11-26T07:00:34","date_gmt":"2022-11-26T12:00:34","guid":{"rendered":"https:\/\/laregionsur.com\/?p=125276"},"modified":"2022-11-26T07:00:34","modified_gmt":"2022-11-26T12:00:34","slug":"pedro-castillo-juramento-a-nuevo-gabinete-ministerial","status":"publish","type":"post","link":"https:\/\/laregionsur.com\/index.php\/2022\/11\/26\/pedro-castillo-juramento-a-nuevo-gabinete-ministerial\/","title":{"rendered":"Pedro Castillo jurament\u00f3 a nuevo Gabinete Ministerial"},"content":{"rendered":"<p>Pedro Castillo jurament\u00f3 a nuevo Gabinete Ministerial<\/p>\n<p>&nbsp;<\/p>\n<p>Peri\u00f3dico Digital La Regi\u00f3n Sur, 26 noviembre 2022.- El presidente de la Rep\u00fablica, Pedro Castillo, tom\u00f3 juramento este viernes a los miembros del Gabinete Ministerial liderado por Betssy Ch\u00e1vez. Son seis nuevos ingresos, pero el m\u00e1s llamativo es la presencia de la congresista de Podemos, Heidy Ju\u00e1rez, en la cartera de la Mujer.<\/p>\n<p>&nbsp;<\/p>\n<p>Los otros cambios fueron en Cultura: congresista Silvana Robles (Per\u00fa Libre); Desarrollo e Inclusi\u00f3n Social: Cinthyia Lindo; Producci\u00f3n: Eduardo Mora; Energ\u00eda y Minas: Oliveiro Mu\u00f1oz Carrera y Desarrollo Agrario y Riego: Juan Altamirano Quispe.<\/p>\n<p>&nbsp;<\/p>\n<p>Betssy Ch\u00e1vez deber\u00e1 ir con su gabinete al Congreso en un plazo de 30 d\u00edas para solicitar el voto de confianza. Sin embargo, algunas parlamentarias como Patricia Chirinos adelant\u00f3 que su bancada no apoyar\u00eda a la nueva premier.<\/p>\n<p>Quinto Gabinete de Pedro Castillo.<\/p>\n<p>&nbsp;<\/p>\n<p>C\u00e9sar Landa es ratificado como ministro de Relaciones Exteriores<\/p>\n<p>&nbsp;<\/p>\n<p>Daniel Barrag\u00e1n es ratificado como ministro de Defensa<\/p>\n<p>&nbsp;<\/p>\n<p>Willy Huerta como ministro del Interior<\/p>\n<p>&nbsp;<\/p>\n<p>F\u00e9lix Chero se mantiene como ministro de Justicia<\/p>\n<p>&nbsp;<\/p>\n<p>Rosendo Serna se mantiene como ministro de Educaci\u00f3n<\/p>\n<p>&nbsp;<\/p>\n<p>Juan Altamirano jura como ministro de Desarrollo Agrario (nuevo)<\/p>\n<p>&nbsp;<\/p>\n<p>Kelly Portalatino fue ratificada como ministra de Salud<\/p>\n<p>&nbsp;<\/p>\n<p>Silvana Robles jura como ministra de Cultura (nueva)<\/p>\n<p>&nbsp;<\/p>\n<p>Cinthia Lindo Espinoza ministra de Desarrollo e Inclusi\u00f3n Social (nueva)<\/p>\n<p>&nbsp;<\/p>\n<p>Alejandro Salas fue ratificado como ministro de Trabajo<\/p>\n<p>&nbsp;<\/p>\n<p>Eduardo Mora jura como ministro de Producci\u00f3n (nuevo)<\/p>\n<p>&nbsp;<\/p>\n<p>Roberto S\u00e1nchez ratificado como ministro de Comercio Exterior y Turismo<\/p>\n<p>&nbsp;<\/p>\n<p>Oliverio Mu\u00f1oz jura como ministro de Energ\u00eda y Minas (nuevo)<\/p>\n<p>&nbsp;<\/p>\n<p>Richard Tineo es ratificado como ministro de Transportes<\/p>\n<p>&nbsp;<\/p>\n<p>C\u00e9sar Paniagua es ratificado como nuevo ministro de Vivienda<\/p>\n<p>&nbsp;<\/p>\n<p>Heidy Ju\u00e1rez jura como ministra de la Mujer (nueva)<\/p>\n<p>&nbsp;<\/p>\n<p>Wilber Rozas es ratificado como ministro del Ambiente<\/p>\n<p>&nbsp;<\/p>\n<p>Kurt Burneo es ratificado como ministro de Econom\u00eda<\/p>\n<p>Fuente: rpp<\/p>\n","protected":false},"excerpt":{"rendered":"<p>Pedro Castillo jurament\u00f3 a nuevo Gabinete Ministerial &nbsp; Peri\u00f3dico Digital La Regi\u00f3n Sur, 26 noviembre 2022.- El presidente de la Rep\u00fablica, Pedro Castillo, tom\u00f3 juramento este viernes a los miembros del Gabinete Ministerial liderado por Betssy Ch\u00e1vez. Son seis nuevos ingresos, pero el m\u00e1s llamativo es la presencia de la congresista de Podemos, Heidy Ju\u00e1rez, &hellip;<\/p>\n","protected":false},"author":1,"featured_media":125277,"comment_status":"open","ping_status":"open","sticky":false,"template":"","format":"standard","meta":{"footnotes":""},"categories":[56,40],"tags":[],"class_list":["post-125276","post","type-post","status-publish","format-standard","has-post-thumbnail","","category-finance","category-nacionales"],"_links":{"self":[{"href":"https:\/\/laregionsur.com\/index.php\/wp-json\/wp\/v2\/posts\/125276","targetHints":{"allow":["GET"]}}],"collection":[{"href":"https:\/\/laregionsur.com\/index.php\/wp-json\/wp\/v2\/posts"}],"about":[{"href":"https:\/\/laregionsur.com\/index.php\/wp-json\/wp\/v2\/types\/post"}],"author":[{"embeddable":true,"href":"https:\/\/laregionsur.com\/index.php\/wp-json\/wp\/v2\/users\/1"}],"replies":[{"embeddable":true,"href":"https:\/\/laregionsur.com\/index.php\/wp-json\/wp\/v2\/comments?post=125276"}],"version-history":[{"count":0,"href":"https:\/\/laregionsur.com\/index.php\/wp-json\/wp\/v2\/posts\/125276\/revisions"}],"wp:featuredmedia":[{"embeddable":true,"href":"https:\/\/laregionsur.com\/index.php\/wp-json\/"}],"wp:attachment":[{"href":"https:\/\/laregionsur.com\/index.php\/wp-json\/wp\/v2\/media?parent=125276"}],"wp:term":[{"taxonomy":"category","embeddable":true,"href":"https:\/\/laregionsur.com\/index.php\/wp-json\/wp\/v2\/categories?post=125276"},{"taxonomy":"post_tag","embeddable":true,"href":"https:\/\/laregionsur.com\/index.php\/wp-json\/wp\/v2\/tags?post=125276"}],"curies":[{"name":"wp","href":"https:\/\/api.w.org\/{rel}","templated":true}]}}