{"id":125261,"date":"2022-11-24T18:14:08","date_gmt":"2022-11-24T23:14:08","guid":{"rendered":"https:\/\/laregionsur.com\/?p=125261"},"modified":"2022-11-24T18:14:08","modified_gmt":"2022-11-24T23:14:08","slug":"150-ninos-del-sur-del-pais-ofreceran-concierto-cantemos-por-la-paz-este-sabado-26-de-noviembre-en-moquegua","status":"publish","type":"post","link":"https:\/\/laregionsur.com\/index.php\/2022\/11\/24\/150-ninos-del-sur-del-pais-ofreceran-concierto-cantemos-por-la-paz-este-sabado-26-de-noviembre-en-moquegua\/","title":{"rendered":"150 NI\u00d1OS DEL SUR DEL PA\u00cdS OFRECER\u00c1N CONCIERTO \u201cCANTEMOS  POR LA PAZ\u201d ESTE S\u00c1BADO 26 DE NOVIEMBRE EN MOQUEGUA"},"content":{"rendered":"<p>150 NI\u00d1OS DEL SUR DEL PA\u00cdS OFRECER\u00c1N CONCIERTO \u201cCANTEMOS<\/p>\n<p>POR LA PAZ\u201d ESTE S\u00c1BADO 26 DE NOVIEMBRE EN MOQUEGUA<\/p>\n<ul>\n<li>Encuentro coral organizado por Sinfon\u00eda por el Per\u00fa en alianza con Southern Per\u00fa se realizar\u00e1 en la Plaza de Armas de Moquegua desde las 5:00 de la tarde.<\/li>\n<\/ul>\n<p>&nbsp;<\/p>\n<p>Peri\u00f3dico Digital La Regi\u00f3n Sur, 24 noviembre 2022.-Este s\u00e1bado 26 de noviembre, Sinfon\u00eda por el Per\u00fa en alianza con Southern Per\u00fa, presentar\u00e1n en Moquegua el Encuentro Nacional de Coros \u201cCantemos por la paz\u201d, evento musical gratuito que ofrecer\u00e1n ni\u00f1os, ni\u00f1as y adolescentes de los n\u00facleos y m\u00f3dulos de Moquegua, Tacna y Arequipa, que pertenecen a la organizaci\u00f3n presidida por el tenor peruano Juan Diego Fl\u00f3rez.<\/p>\n<p>En conferencia de prensa los organizadores brindaron detalles del concierto que reunir\u00e1 a 150 menores de coros infantiles y juveniles de los m\u00f3dulos de Torata (Moquegua), Candarave (Tacna), as\u00ed como de los n\u00facleos de Tacna, Ilo, Arequipa y Andahuaylillas (Cusco).<\/p>\n<p>Este espect\u00e1culo musical en Moquegua forma parte de una actividad a nivel nacional realizada por Sinfon\u00eda por el Per\u00fa a fin de fomentar la integraci\u00f3n e intercambio cultural y social de las regiones donde la organizaci\u00f3n interviene. Los coros participantes interpretar\u00e1n un variado repertorio de 21 temas musicales.<\/p>\n<p>El Encuentro Nacional de Coros \u201cCantemos por la paz\u201d tiene como prop\u00f3sito llevar un mensaje de uni\u00f3n, paz, entendimiento y tolerancia a trav\u00e9s de las voces blancas de los ni\u00f1os que forman parte de los n\u00facleos y m\u00f3dulos de la regi\u00f3n sur, as\u00ed como el n\u00facleo invitado proveniente de Andahuaylillas, Cusco. El repertorio estar\u00e1 conformado por obras musicales universales, incluyendo composiciones creadas por beneficiarios de la organizaci\u00f3n.<\/p>\n<p>El s\u00e1bado 26 de noviembre, a las 5:00 de la tarde, se reunir\u00e1n en la Plaza de Armas de Moquegua m\u00e1s de 150 integrantes de los n\u00facleos Arequipa, Ilo, Tacna, as\u00ed como los m\u00f3dulos Torata, Moquegua y Candarave, que se forman musicalmente gracias a la alianza Southern Per\u00fa.<\/p>\n<p>En el sur del pa\u00eds, el programa Sinfon\u00eda por el Per\u00fa cuenta con 3 n\u00facleos y 3 m\u00f3dulos estructurados de la siguiente manera: Un n\u00facleo en Ilo (con ensamble de cuerdas y elenco coral) y un m\u00f3dulo coral en el distrito de Torata (Moquegua); el N\u00facleo Tacna con una sede en Tacna ciudad y un m\u00f3dulo coral en Candarave y un N\u00facleo en Arequipa, con una sede en Arequipa ciudad y un m\u00f3dulo coral en Mollendo (Islay).<\/p>\n<p>A partir de la alianza con Southern Per\u00fa el programa, que comenz\u00f3 en 2021, tiene previsto formar, en tres a\u00f1os, a 1300 menores.<\/p>\n<p>SINFON\u00cdA POR EL PER\u00da<\/p>\n<p>Sinfon\u00eda por el Per\u00fa es una organizaci\u00f3n sin fines de lucro liderada por Juan Diego Fl\u00f3rez, prestigioso tenor que promueve desde hace 11 a\u00f1os en el pa\u00eds, procesos de transformaci\u00f3n social mediante la ense\u00f1anza colectiva de m\u00fasica. Su trabajo ha logrado impactar favorablemente en casi 30 mil ni\u00f1os, ni\u00f1as y adolescentes de 10 regiones del pa\u00eds.<\/p>\n<p>Los beneficiarios reciben una formaci\u00f3n orientada a incentivar sus habilidades art\u00edsticas y, con el soporte familiar, fortalecen sus valores morales, c\u00edvicos y ciudadanos. Se estimula la convivencia colectiva, la responsabilidad, la excelencia educativa, la creatividad y el desarrollo cognitivo en menores de distintos<\/p>\n<p>estratos sociales, con la finalidad de que se sientan protegidos y seguros. Actualmente beneficia a m\u00e1s de 5,000 ni\u00f1os, ni\u00f1as y j\u00f3venes en diez regiones.<\/p>\n<p>Conoce m\u00e1s del Efecto Sinfon\u00eda en <a href=\"http:\/\/www.sinfoniaporelperu.org\">www.sinfoniaporelperu.org.<\/a><\/p>\n<p><img loading=\"lazy\" decoding=\"async\" class=\"alignnone size-medium wp-image-125263\" src=\"https:\/\/laregionsur.com\/wp-content\/uploads\/2022\/11\/FLOR-1-1-300x200.jpg\" alt=\"\" width=\"300\" height=\"200\" \/> <img loading=\"lazy\" decoding=\"async\" class=\"alignnone size-medium wp-image-125264\" src=\"https:\/\/laregionsur.com\/wp-content\/uploads\/2022\/11\/FLOR-2-300x200.jpg\" alt=\"\" width=\"300\" height=\"200\" \/> <img loading=\"lazy\" decoding=\"async\" class=\"alignnone size-medium wp-image-125265\" src=\"https:\/\/laregionsur.com\/wp-content\/uploads\/2022\/11\/FLOR-3-300x200.jpg\" alt=\"\" width=\"300\" height=\"200\" \/> <img loading=\"lazy\" decoding=\"async\" class=\"alignnone size-medium wp-image-125266\" src=\"https:\/\/laregionsur.com\/wp-content\/uploads\/2022\/11\/FLOR-4-300x200.jpg\" alt=\"\" width=\"300\" height=\"200\" \/> <img loading=\"lazy\" decoding=\"async\" class=\"alignnone size-medium wp-image-125267\" src=\"https:\/\/laregionsur.com\/wp-content\/uploads\/2022\/11\/FLOR-5-300x200.jpg\" alt=\"\" width=\"300\" height=\"200\" \/><\/p>\n","protected":false},"excerpt":{"rendered":"<p>150 NI\u00d1OS DEL SUR DEL PA\u00cdS OFRECER\u00c1N CONCIERTO \u201cCANTEMOS POR LA PAZ\u201d ESTE S\u00c1BADO 26 DE NOVIEMBRE EN MOQUEGUA Encuentro coral organizado por Sinfon\u00eda por el Per\u00fa en alianza con Southern Per\u00fa se realizar\u00e1 en la Plaza de Armas de Moquegua desde las 5:00 de la tarde. &nbsp; Peri\u00f3dico Digital La Regi\u00f3n Sur, 24 noviembre &hellip;<\/p>\n","protected":false},"author":1,"featured_media":125262,"comment_status":"open","ping_status":"open","sticky":false,"template":"","format":"standard","meta":{"footnotes":""},"categories":[56,39,40],"tags":[],"class_list":["post-125261","post","type-post","status-publish","format-standard","has-post-thumbnail","","category-finance","category-stock-market","category-nacionales"],"_links":{"self":[{"href":"https:\/\/laregionsur.com\/index.php\/wp-json\/wp\/v2\/posts\/125261","targetHints":{"allow":["GET"]}}],"collection":[{"href":"https:\/\/laregionsur.com\/index.php\/wp-json\/wp\/v2\/posts"}],"about":[{"href":"https:\/\/laregionsur.com\/index.php\/wp-json\/wp\/v2\/types\/post"}],"author":[{"embeddable":true,"href":"https:\/\/laregionsur.com\/index.php\/wp-json\/wp\/v2\/users\/1"}],"replies":[{"embeddable":true,"href":"https:\/\/laregionsur.com\/index.php\/wp-json\/wp\/v2\/comments?post=125261"}],"version-history":[{"count":0,"href":"https:\/\/laregionsur.com\/index.php\/wp-json\/wp\/v2\/posts\/125261\/revisions"}],"wp:featuredmedia":[{"embeddable":true,"href":"https:\/\/laregionsur.com\/index.php\/wp-json\/"}],"wp:attachment":[{"href":"https:\/\/laregionsur.com\/index.php\/wp-json\/wp\/v2\/media?parent=125261"}],"wp:term":[{"taxonomy":"category","embeddable":true,"href":"https:\/\/laregionsur.com\/index.php\/wp-json\/wp\/v2\/categories?post=125261"},{"taxonomy":"post_tag","embeddable":true,"href":"https:\/\/laregionsur.com\/index.php\/wp-json\/wp\/v2\/tags?post=125261"}],"curies":[{"name":"wp","href":"https:\/\/api.w.org\/{rel}","templated":true}]}}